{"id":1282,"date":"2019-11-07T15:44:07","date_gmt":"2019-11-07T14:44:07","guid":{"rendered":"https:\/\/prodisf.fr\/crcdc\/?p=1282"},"modified":"2024-04-25T14:05:18","modified_gmt":"2024-04-25T12:05:18","slug":"forum-bonjour-la-retraite","status":"publish","type":"post","link":"https:\/\/www.depistage-cancer.fr\/centre\/2019\/11\/07\/forum-bonjour-la-retraite\/","title":{"rendered":"Forum \u00ab\u00a0Bonjour la retraite\u00a0\u00bb"},"content":{"rendered":"\n<p>La\u00a0<a href=\"https:\/\/www.facebook.com\/pages\/Carsat-Centre-Val-de-Loire\/2091977201110683?__tn__=K-R&amp;eid=ARBVTDHIqgC0jFw5al7fx8zlroNX_Vv6ydmzpS7eahc7jvEyqPVGDYV5IFQ_M8UMe6HEzB05IdO1nqzd&amp;fref=mentions&amp;__xts__%5B0%5D=68.ARCdLepsL8HbQORAhk0HpjZq4jItU3Rj0lI1j6QdvnWEl_FPN0qiNAVzRqp9S79Lgdl7T1LSCkXIB4zifrHxeii300lkHBR59-SR_ZUUIbSRTbW3Xd7R55AS16tBG0ehA6yl4kUIm1vZsNrli0WM2fOjHJgoTgY4tvpE8Nk1NvA3z8dG-OmowIiGDDpuSrVtGA-GCYuxSsxTByIUbhhJOhLQe4C9bL2sB427dlu5-RoYO33oabqHpbL2GHZ0WRIEKj9nbDyn8HFh1oIelwMRmwwnmFAZ0zjVbgVI4JAIYABy62XVsvtenI8mHkDRQ78inCXY\">Carsat Centre Val de Loire<\/a>\u00a0organise un forum sur les th\u00e9matiques de la vie quotidienne, du num\u00e9rique, du lien social et de l&rsquo;acc\u00e8s aux soins et pr\u00e9vention sant\u00e9 chez les seniors, <strong>jeudi 14 novembre \u00e0 partir de 9h30 <\/strong>\u00e0 la\u00a0<a href=\"https:\/\/www.facebook.com\/scenenationaledeblois\/?__tn__=K-R&amp;eid=ARC3W8AbDI51uQWZXw-9bKlRVF5IO17F4pKOfxUd6vkQRb9iYhPwAf1qE2vEsrUGdPrWk5ANF79LlMiP&amp;fref=mentions&amp;__xts__%5B0%5D=68.ARCdLepsL8HbQORAhk0HpjZq4jItU3Rj0lI1j6QdvnWEl_FPN0qiNAVzRqp9S79Lgdl7T1LSCkXIB4zifrHxeii300lkHBR59-SR_ZUUIbSRTbW3Xd7R55AS16tBG0ehA6yl4kUIm1vZsNrli0WM2fOjHJgoTgY4tvpE8Nk1NvA3z8dG-OmowIiGDDpuSrVtGA-GCYuxSsxTByIUbhhJOhLQe4C9bL2sB427dlu5-RoYO33oabqHpbL2GHZ0WRIEKj9nbDyn8HFh1oIelwMRmwwnmFAZ0zjVbgVI4JAIYABy62XVsvtenI8mHkDRQ78inCXY\">La Halle aux grains &#8211; Sc\u00e8ne nationale de Blois<\/a>.<br>A cette occasion, l&rsquo;antenne 41 du\u00a0<a href=\"https:\/\/www.facebook.com\/CRCDC.CVL\/?modal=composer&amp;__tn__=K-R&amp;eid=ARDynUwOyjXJpqF2iVzSIsWnNP2ronq6KdzSad1NkClmimJjX7Nhn7WgNg_i9cu6vNgdrqcWs6z6zNXl&amp;fref=mentions&amp;__xts__%5B0%5D=68.ARCdLepsL8HbQORAhk0HpjZq4jItU3Rj0lI1j6QdvnWEl_FPN0qiNAVzRqp9S79Lgdl7T1LSCkXIB4zifrHxeii300lkHBR59-SR_ZUUIbSRTbW3Xd7R55AS16tBG0ehA6yl4kUIm1vZsNrli0WM2fOjHJgoTgY4tvpE8Nk1NvA3z8dG-OmowIiGDDpuSrVtGA-GCYuxSsxTByIUbhhJOhLQe4C9bL2sB427dlu5-RoYO33oabqHpbL2GHZ0WRIEKj9nbDyn8HFh1oIelwMRmwwnmFAZ0zjVbgVI4JAIYABy62XVsvtenI8mHkDRQ78inCXY\">CRCDC &#8211; Centre-Val de Loire<\/a>\u00a0sera pr\u00e9sente pour r\u00e9pondre \u00e0 vos questions sur le d\u00e9pistage organis\u00e9 des cancers.<br>Retrouvez le programme de la journ\u00e9e sur le site <a href=\"https:\/\/www.carsat-cvl.fr\">www.carsat-cvl.fr<\/a><\/p>\n\n\n\n<p><\/p>\n\n\n<div class=\"wp-block-image\">\n<figure class=\"aligncenter size-full\"><img decoding=\"async\" width=\"595\" height=\"480\" data-src=\"https:\/\/www.depistage-cancer.fr\/centre\/wp-content\/uploads\/2024\/03\/image-17.png\" alt=\"\" class=\"wp-image-1283 lazyload\" data-srcset=\"https:\/\/www.depistage-cancer.fr\/centre\/wp-content\/uploads\/2024\/03\/image-17.png 595w, https:\/\/www.depistage-cancer.fr\/centre\/wp-content\/uploads\/2024\/03\/image-17-300x242.png 300w\" data-sizes=\"(max-width: 595px) 100vw, 595px\" src=\"data:image\/svg+xml;base64,PHN2ZyB3aWR0aD0iMSIgaGVpZ2h0PSIxIiB4bWxucz0iaHR0cDovL3d3dy53My5vcmcvMjAwMC9zdmciPjwvc3ZnPg==\" style=\"--smush-placeholder-width: 595px; --smush-placeholder-aspect-ratio: 595\/480;\" \/><\/figure>\n<\/div>","protected":false},"excerpt":{"rendered":"<p>La\u00a0Carsat Centre Val de Loire\u00a0organise un forum sur les th\u00e9matiques de la vie quotidienne, du num\u00e9rique, du lien social et de l&rsquo;acc\u00e8s aux soins et pr\u00e9vention sant\u00e9 chez les seniors, [&hellip;]<\/p>\n","protected":false},"author":1,"featured_media":1283,"comment_status":"open","ping_status":"open","sticky":false,"template":"","format":"standard","meta":{"_acf_changed":false,"inline_featured_image":false,"footnotes":""},"categories":[30],"tags":[],"class_list":["post-1282","post","type-post","status-publish","format-standard","has-post-thumbnail","hentry","category-grand-public"],"acf":[],"yoast_head":"<!-- This site is optimized with the Yoast SEO plugin v27.4 - https:\/\/yoast.com\/product\/yoast-seo-wordpress\/ -->\n<title>Forum &quot;Bonjour la retraite&quot; - Centre de coordination Centre Val de Loire - D\u00e9pistage des cancers<\/title>\n<meta name=\"robots\" content=\"index, follow, max-snippet:-1, max-image-preview:large, max-video-preview:-1\" \/>\n<link rel=\"canonical\" href=\"https:\/\/www.depistage-cancer.fr\/centre\/2019\/11\/07\/forum-bonjour-la-retraite\/\" \/>\n<meta property=\"og:locale\" content=\"fr_FR\" \/>\n<meta property=\"og:type\" content=\"article\" \/>\n<meta property=\"og:title\" content=\"Forum &quot;Bonjour la retraite&quot; - Centre de coordination Centre Val de Loire - D\u00e9pistage des cancers\" \/>\n<meta property=\"og:description\" content=\"La\u00a0Carsat Centre Val de Loire\u00a0organise un forum sur les th\u00e9matiques de la vie quotidienne, du num\u00e9rique, du lien social et de l&rsquo;acc\u00e8s aux soins et pr\u00e9vention sant\u00e9 chez les seniors, [&hellip;]\" \/>\n<meta property=\"og:url\" content=\"https:\/\/www.depistage-cancer.fr\/centre\/2019\/11\/07\/forum-bonjour-la-retraite\/\" \/>\n<meta property=\"og:site_name\" content=\"Centre de coordination Centre Val de Loire - D\u00e9pistage des cancers\" \/>\n<meta property=\"article:publisher\" content=\"https:\/\/www.facebook.com\/Depistagedescancers.CVL\" \/>\n<meta property=\"article:published_time\" content=\"2019-11-07T14:44:07+00:00\" \/>\n<meta property=\"article:modified_time\" content=\"2024-04-25T12:05:18+00:00\" \/>\n<meta property=\"og:image\" content=\"https:\/\/www.depistage-cancer.fr\/centre\/wp-content\/uploads\/2024\/03\/image-17.png\" \/>\n\t<meta property=\"og:image:width\" content=\"595\" \/>\n\t<meta property=\"og:image:height\" content=\"480\" \/>\n\t<meta property=\"og:image:type\" content=\"image\/png\" \/>\n<meta name=\"author\" content=\"isf-admin\" \/>\n<meta name=\"twitter:card\" content=\"summary_large_image\" \/>\n<meta name=\"twitter:label1\" content=\"\u00c9crit par\" \/>\n\t<meta name=\"twitter:data1\" content=\"isf-admin\" \/>\n\t<meta name=\"twitter:label2\" content=\"Dur\u00e9e de lecture estim\u00e9e\" \/>\n\t<meta name=\"twitter:data2\" content=\"1 minute\" \/>\n<script type=\"application\/ld+json\" class=\"yoast-schema-graph\">{\"@context\":\"https:\\\/\\\/schema.org\",\"@graph\":[{\"@type\":\"Article\",\"@id\":\"https:\\\/\\\/www.depistage-cancer.fr\\\/centre\\\/2019\\\/11\\\/07\\\/forum-bonjour-la-retraite\\\/#article\",\"isPartOf\":{\"@id\":\"https:\\\/\\\/www.depistage-cancer.fr\\\/centre\\\/2019\\\/11\\\/07\\\/forum-bonjour-la-retraite\\\/\"},\"author\":{\"name\":\"isf-admin\",\"@id\":\"https:\\\/\\\/www.depistage-cancer.fr\\\/centre\\\/#\\\/schema\\\/person\\\/f3979755966f003596b682c8cb66084f\"},\"headline\":\"Forum \u00ab\u00a0Bonjour la retraite\u00a0\u00bb\",\"datePublished\":\"2019-11-07T14:44:07+00:00\",\"dateModified\":\"2024-04-25T12:05:18+00:00\",\"mainEntityOfPage\":{\"@id\":\"https:\\\/\\\/www.depistage-cancer.fr\\\/centre\\\/2019\\\/11\\\/07\\\/forum-bonjour-la-retraite\\\/\"},\"wordCount\":94,\"commentCount\":0,\"publisher\":{\"@id\":\"https:\\\/\\\/www.depistage-cancer.fr\\\/centre\\\/#organization\"},\"image\":{\"@id\":\"https:\\\/\\\/www.depistage-cancer.fr\\\/centre\\\/2019\\\/11\\\/07\\\/forum-bonjour-la-retraite\\\/#primaryimage\"},\"thumbnailUrl\":\"https:\\\/\\\/www.depistage-cancer.fr\\\/centre\\\/wp-content\\\/uploads\\\/2024\\\/03\\\/image-17.png\",\"articleSection\":[\"Grand Public\"],\"inLanguage\":\"fr-FR\",\"potentialAction\":[{\"@type\":\"CommentAction\",\"name\":\"Comment\",\"target\":[\"https:\\\/\\\/www.depistage-cancer.fr\\\/centre\\\/2019\\\/11\\\/07\\\/forum-bonjour-la-retraite\\\/#respond\"]}]},{\"@type\":\"WebPage\",\"@id\":\"https:\\\/\\\/www.depistage-cancer.fr\\\/centre\\\/2019\\\/11\\\/07\\\/forum-bonjour-la-retraite\\\/\",\"url\":\"https:\\\/\\\/www.depistage-cancer.fr\\\/centre\\\/2019\\\/11\\\/07\\\/forum-bonjour-la-retraite\\\/\",\"name\":\"Forum \\\"Bonjour la retraite\\\" - Centre de coordination Centre Val de Loire - D\u00e9pistage des cancers\",\"isPartOf\":{\"@id\":\"https:\\\/\\\/www.depistage-cancer.fr\\\/centre\\\/#website\"},\"primaryImageOfPage\":{\"@id\":\"https:\\\/\\\/www.depistage-cancer.fr\\\/centre\\\/2019\\\/11\\\/07\\\/forum-bonjour-la-retraite\\\/#primaryimage\"},\"image\":{\"@id\":\"https:\\\/\\\/www.depistage-cancer.fr\\\/centre\\\/2019\\\/11\\\/07\\\/forum-bonjour-la-retraite\\\/#primaryimage\"},\"thumbnailUrl\":\"https:\\\/\\\/www.depistage-cancer.fr\\\/centre\\\/wp-content\\\/uploads\\\/2024\\\/03\\\/image-17.png\",\"datePublished\":\"2019-11-07T14:44:07+00:00\",\"dateModified\":\"2024-04-25T12:05:18+00:00\",\"breadcrumb\":{\"@id\":\"https:\\\/\\\/www.depistage-cancer.fr\\\/centre\\\/2019\\\/11\\\/07\\\/forum-bonjour-la-retraite\\\/#breadcrumb\"},\"inLanguage\":\"fr-FR\",\"potentialAction\":[{\"@type\":\"ReadAction\",\"target\":[\"https:\\\/\\\/www.depistage-cancer.fr\\\/centre\\\/2019\\\/11\\\/07\\\/forum-bonjour-la-retraite\\\/\"]}]},{\"@type\":\"ImageObject\",\"inLanguage\":\"fr-FR\",\"@id\":\"https:\\\/\\\/www.depistage-cancer.fr\\\/centre\\\/2019\\\/11\\\/07\\\/forum-bonjour-la-retraite\\\/#primaryimage\",\"url\":\"https:\\\/\\\/www.depistage-cancer.fr\\\/centre\\\/wp-content\\\/uploads\\\/2024\\\/03\\\/image-17.png\",\"contentUrl\":\"https:\\\/\\\/www.depistage-cancer.fr\\\/centre\\\/wp-content\\\/uploads\\\/2024\\\/03\\\/image-17.png\",\"width\":595,\"height\":480,\"caption\":\"Bonjour La Retraite - CRCDC Centre Val de Loire\"},{\"@type\":\"BreadcrumbList\",\"@id\":\"https:\\\/\\\/www.depistage-cancer.fr\\\/centre\\\/2019\\\/11\\\/07\\\/forum-bonjour-la-retraite\\\/#breadcrumb\",\"itemListElement\":[{\"@type\":\"ListItem\",\"position\":1,\"name\":\"Accueil\",\"item\":\"https:\\\/\\\/www.depistage-cancer.fr\\\/centre\\\/\"},{\"@type\":\"ListItem\",\"position\":2,\"name\":\"Forum \u00ab\u00a0Bonjour la retraite\u00a0\u00bb\"}]},{\"@type\":\"WebSite\",\"@id\":\"https:\\\/\\\/www.depistage-cancer.fr\\\/centre\\\/#website\",\"url\":\"https:\\\/\\\/www.depistage-cancer.fr\\\/centre\\\/\",\"name\":\"Centre de coordination Centre Val de Loire - D\u00e9pistage des cancers\",\"description\":\"D\u00e9pister, c&#039;est prot\u00e9ger !\",\"publisher\":{\"@id\":\"https:\\\/\\\/www.depistage-cancer.fr\\\/centre\\\/#organization\"},\"alternateName\":\"CRCDC Centre Val de Loire\",\"potentialAction\":[{\"@type\":\"SearchAction\",\"target\":{\"@type\":\"EntryPoint\",\"urlTemplate\":\"https:\\\/\\\/www.depistage-cancer.fr\\\/centre\\\/?s={search_term_string}\"},\"query-input\":{\"@type\":\"PropertyValueSpecification\",\"valueRequired\":true,\"valueName\":\"search_term_string\"}}],\"inLanguage\":\"fr-FR\"},{\"@type\":\"Organization\",\"@id\":\"https:\\\/\\\/www.depistage-cancer.fr\\\/centre\\\/#organization\",\"name\":\"Centre de coordination Centre Val de Loire - D\u00e9pistage des cancers\",\"alternateName\":\"CRCDC Centre Val de Loire\",\"url\":\"https:\\\/\\\/www.depistage-cancer.fr\\\/centre\\\/\",\"logo\":{\"@type\":\"ImageObject\",\"inLanguage\":\"fr-FR\",\"@id\":\"https:\\\/\\\/www.depistage-cancer.fr\\\/centre\\\/#\\\/schema\\\/logo\\\/image\\\/\",\"url\":\"https:\\\/\\\/www.depistage-cancer.fr\\\/centre\\\/wp-content\\\/uploads\\\/2024\\\/02\\\/logo-crcdc-cvl.webp\",\"contentUrl\":\"https:\\\/\\\/www.depistage-cancer.fr\\\/centre\\\/wp-content\\\/uploads\\\/2024\\\/02\\\/logo-crcdc-cvl.webp\",\"width\":491,\"height\":238,\"caption\":\"Centre de coordination Centre Val de Loire - D\u00e9pistage des cancers\"},\"image\":{\"@id\":\"https:\\\/\\\/www.depistage-cancer.fr\\\/centre\\\/#\\\/schema\\\/logo\\\/image\\\/\"},\"sameAs\":[\"https:\\\/\\\/www.facebook.com\\\/Depistagedescancers.CVL\",\"https:\\\/\\\/www.youtube.com\\\/@crcdccentre-valdeloire8386\"]},{\"@type\":\"Person\",\"@id\":\"https:\\\/\\\/www.depistage-cancer.fr\\\/centre\\\/#\\\/schema\\\/person\\\/f3979755966f003596b682c8cb66084f\",\"name\":\"isf-admin\",\"image\":{\"@type\":\"ImageObject\",\"inLanguage\":\"fr-FR\",\"@id\":\"https:\\\/\\\/secure.gravatar.com\\\/avatar\\\/d6302960ea511240d5e15d8e7157056c79b7d963f74c08cdb5bac199ec9eb82b?s=96&d=mm&r=g\",\"url\":\"https:\\\/\\\/secure.gravatar.com\\\/avatar\\\/d6302960ea511240d5e15d8e7157056c79b7d963f74c08cdb5bac199ec9eb82b?s=96&d=mm&r=g\",\"contentUrl\":\"https:\\\/\\\/secure.gravatar.com\\\/avatar\\\/d6302960ea511240d5e15d8e7157056c79b7d963f74c08cdb5bac199ec9eb82b?s=96&d=mm&r=g\",\"caption\":\"isf-admin\"},\"sameAs\":[\"https:\\\/\\\/www.depistage-cancer.fr\\\/centre\"],\"url\":\"https:\\\/\\\/www.depistage-cancer.fr\\\/centre\\\/author\\\/isf-admin\\\/\"}]}<\/script>\n<!-- \/ Yoast SEO plugin. -->","yoast_head_json":{"title":"Forum \"Bonjour la retraite\" - Centre de coordination Centre Val de Loire - D\u00e9pistage des cancers","robots":{"index":"index","follow":"follow","max-snippet":"max-snippet:-1","max-image-preview":"max-image-preview:large","max-video-preview":"max-video-preview:-1"},"canonical":"https:\/\/www.depistage-cancer.fr\/centre\/2019\/11\/07\/forum-bonjour-la-retraite\/","og_locale":"fr_FR","og_type":"article","og_title":"Forum \"Bonjour la retraite\" - Centre de coordination Centre Val de Loire - D\u00e9pistage des cancers","og_description":"La\u00a0Carsat Centre Val de Loire\u00a0organise un forum sur les th\u00e9matiques de la vie quotidienne, du num\u00e9rique, du lien social et de l&rsquo;acc\u00e8s aux soins et pr\u00e9vention sant\u00e9 chez les seniors, [&hellip;]","og_url":"https:\/\/www.depistage-cancer.fr\/centre\/2019\/11\/07\/forum-bonjour-la-retraite\/","og_site_name":"Centre de coordination Centre Val de Loire - D\u00e9pistage des cancers","article_publisher":"https:\/\/www.facebook.com\/Depistagedescancers.CVL","article_published_time":"2019-11-07T14:44:07+00:00","article_modified_time":"2024-04-25T12:05:18+00:00","og_image":[{"width":595,"height":480,"url":"https:\/\/www.depistage-cancer.fr\/centre\/wp-content\/uploads\/2024\/03\/image-17.png","type":"image\/png"}],"author":"isf-admin","twitter_card":"summary_large_image","twitter_misc":{"\u00c9crit par":"isf-admin","Dur\u00e9e de lecture estim\u00e9e":"1 minute"},"schema":{"@context":"https:\/\/schema.org","@graph":[{"@type":"Article","@id":"https:\/\/www.depistage-cancer.fr\/centre\/2019\/11\/07\/forum-bonjour-la-retraite\/#article","isPartOf":{"@id":"https:\/\/www.depistage-cancer.fr\/centre\/2019\/11\/07\/forum-bonjour-la-retraite\/"},"author":{"name":"isf-admin","@id":"https:\/\/www.depistage-cancer.fr\/centre\/#\/schema\/person\/f3979755966f003596b682c8cb66084f"},"headline":"Forum \u00ab\u00a0Bonjour la retraite\u00a0\u00bb","datePublished":"2019-11-07T14:44:07+00:00","dateModified":"2024-04-25T12:05:18+00:00","mainEntityOfPage":{"@id":"https:\/\/www.depistage-cancer.fr\/centre\/2019\/11\/07\/forum-bonjour-la-retraite\/"},"wordCount":94,"commentCount":0,"publisher":{"@id":"https:\/\/www.depistage-cancer.fr\/centre\/#organization"},"image":{"@id":"https:\/\/www.depistage-cancer.fr\/centre\/2019\/11\/07\/forum-bonjour-la-retraite\/#primaryimage"},"thumbnailUrl":"https:\/\/www.depistage-cancer.fr\/centre\/wp-content\/uploads\/2024\/03\/image-17.png","articleSection":["Grand Public"],"inLanguage":"fr-FR","potentialAction":[{"@type":"CommentAction","name":"Comment","target":["https:\/\/www.depistage-cancer.fr\/centre\/2019\/11\/07\/forum-bonjour-la-retraite\/#respond"]}]},{"@type":"WebPage","@id":"https:\/\/www.depistage-cancer.fr\/centre\/2019\/11\/07\/forum-bonjour-la-retraite\/","url":"https:\/\/www.depistage-cancer.fr\/centre\/2019\/11\/07\/forum-bonjour-la-retraite\/","name":"Forum \"Bonjour la retraite\" - Centre de coordination Centre Val de Loire - D\u00e9pistage des cancers","isPartOf":{"@id":"https:\/\/www.depistage-cancer.fr\/centre\/#website"},"primaryImageOfPage":{"@id":"https:\/\/www.depistage-cancer.fr\/centre\/2019\/11\/07\/forum-bonjour-la-retraite\/#primaryimage"},"image":{"@id":"https:\/\/www.depistage-cancer.fr\/centre\/2019\/11\/07\/forum-bonjour-la-retraite\/#primaryimage"},"thumbnailUrl":"https:\/\/www.depistage-cancer.fr\/centre\/wp-content\/uploads\/2024\/03\/image-17.png","datePublished":"2019-11-07T14:44:07+00:00","dateModified":"2024-04-25T12:05:18+00:00","breadcrumb":{"@id":"https:\/\/www.depistage-cancer.fr\/centre\/2019\/11\/07\/forum-bonjour-la-retraite\/#breadcrumb"},"inLanguage":"fr-FR","potentialAction":[{"@type":"ReadAction","target":["https:\/\/www.depistage-cancer.fr\/centre\/2019\/11\/07\/forum-bonjour-la-retraite\/"]}]},{"@type":"ImageObject","inLanguage":"fr-FR","@id":"https:\/\/www.depistage-cancer.fr\/centre\/2019\/11\/07\/forum-bonjour-la-retraite\/#primaryimage","url":"https:\/\/www.depistage-cancer.fr\/centre\/wp-content\/uploads\/2024\/03\/image-17.png","contentUrl":"https:\/\/www.depistage-cancer.fr\/centre\/wp-content\/uploads\/2024\/03\/image-17.png","width":595,"height":480,"caption":"Bonjour La Retraite - CRCDC Centre Val de Loire"},{"@type":"BreadcrumbList","@id":"https:\/\/www.depistage-cancer.fr\/centre\/2019\/11\/07\/forum-bonjour-la-retraite\/#breadcrumb","itemListElement":[{"@type":"ListItem","position":1,"name":"Accueil","item":"https:\/\/www.depistage-cancer.fr\/centre\/"},{"@type":"ListItem","position":2,"name":"Forum \u00ab\u00a0Bonjour la retraite\u00a0\u00bb"}]},{"@type":"WebSite","@id":"https:\/\/www.depistage-cancer.fr\/centre\/#website","url":"https:\/\/www.depistage-cancer.fr\/centre\/","name":"Centre de coordination Centre Val de Loire - D\u00e9pistage des cancers","description":"D\u00e9pister, c&#039;est prot\u00e9ger !","publisher":{"@id":"https:\/\/www.depistage-cancer.fr\/centre\/#organization"},"alternateName":"CRCDC Centre Val de Loire","potentialAction":[{"@type":"SearchAction","target":{"@type":"EntryPoint","urlTemplate":"https:\/\/www.depistage-cancer.fr\/centre\/?s={search_term_string}"},"query-input":{"@type":"PropertyValueSpecification","valueRequired":true,"valueName":"search_term_string"}}],"inLanguage":"fr-FR"},{"@type":"Organization","@id":"https:\/\/www.depistage-cancer.fr\/centre\/#organization","name":"Centre de coordination Centre Val de Loire - D\u00e9pistage des cancers","alternateName":"CRCDC Centre Val de Loire","url":"https:\/\/www.depistage-cancer.fr\/centre\/","logo":{"@type":"ImageObject","inLanguage":"fr-FR","@id":"https:\/\/www.depistage-cancer.fr\/centre\/#\/schema\/logo\/image\/","url":"https:\/\/www.depistage-cancer.fr\/centre\/wp-content\/uploads\/2024\/02\/logo-crcdc-cvl.webp","contentUrl":"https:\/\/www.depistage-cancer.fr\/centre\/wp-content\/uploads\/2024\/02\/logo-crcdc-cvl.webp","width":491,"height":238,"caption":"Centre de coordination Centre Val de Loire - D\u00e9pistage des cancers"},"image":{"@id":"https:\/\/www.depistage-cancer.fr\/centre\/#\/schema\/logo\/image\/"},"sameAs":["https:\/\/www.facebook.com\/Depistagedescancers.CVL","https:\/\/www.youtube.com\/@crcdccentre-valdeloire8386"]},{"@type":"Person","@id":"https:\/\/www.depistage-cancer.fr\/centre\/#\/schema\/person\/f3979755966f003596b682c8cb66084f","name":"isf-admin","image":{"@type":"ImageObject","inLanguage":"fr-FR","@id":"https:\/\/secure.gravatar.com\/avatar\/d6302960ea511240d5e15d8e7157056c79b7d963f74c08cdb5bac199ec9eb82b?s=96&d=mm&r=g","url":"https:\/\/secure.gravatar.com\/avatar\/d6302960ea511240d5e15d8e7157056c79b7d963f74c08cdb5bac199ec9eb82b?s=96&d=mm&r=g","contentUrl":"https:\/\/secure.gravatar.com\/avatar\/d6302960ea511240d5e15d8e7157056c79b7d963f74c08cdb5bac199ec9eb82b?s=96&d=mm&r=g","caption":"isf-admin"},"sameAs":["https:\/\/www.depistage-cancer.fr\/centre"],"url":"https:\/\/www.depistage-cancer.fr\/centre\/author\/isf-admin\/"}]}},"_links":{"self":[{"href":"https:\/\/www.depistage-cancer.fr\/centre\/wp-json\/wp\/v2\/posts\/1282","targetHints":{"allow":["GET"]}}],"collection":[{"href":"https:\/\/www.depistage-cancer.fr\/centre\/wp-json\/wp\/v2\/posts"}],"about":[{"href":"https:\/\/www.depistage-cancer.fr\/centre\/wp-json\/wp\/v2\/types\/post"}],"author":[{"embeddable":true,"href":"https:\/\/www.depistage-cancer.fr\/centre\/wp-json\/wp\/v2\/users\/1"}],"replies":[{"embeddable":true,"href":"https:\/\/www.depistage-cancer.fr\/centre\/wp-json\/wp\/v2\/comments?post=1282"}],"version-history":[{"count":2,"href":"https:\/\/www.depistage-cancer.fr\/centre\/wp-json\/wp\/v2\/posts\/1282\/revisions"}],"predecessor-version":[{"id":3190,"href":"https:\/\/www.depistage-cancer.fr\/centre\/wp-json\/wp\/v2\/posts\/1282\/revisions\/3190"}],"wp:featuredmedia":[{"embeddable":true,"href":"https:\/\/www.depistage-cancer.fr\/centre\/wp-json\/wp\/v2\/media\/1283"}],"wp:attachment":[{"href":"https:\/\/www.depistage-cancer.fr\/centre\/wp-json\/wp\/v2\/media?parent=1282"}],"wp:term":[{"taxonomy":"category","embeddable":true,"href":"https:\/\/www.depistage-cancer.fr\/centre\/wp-json\/wp\/v2\/categories?post=1282"},{"taxonomy":"post_tag","embeddable":true,"href":"https:\/\/www.depistage-cancer.fr\/centre\/wp-json\/wp\/v2\/tags?post=1282"}],"curies":[{"name":"wp","href":"https:\/\/api.w.org\/{rel}","templated":true}]}}