{"id":2154,"date":"2024-04-02T16:01:14","date_gmt":"2024-04-02T14:01:14","guid":{"rendered":"https:\/\/prodisf.fr\/crcdc\/?p=2154"},"modified":"2024-08-27T11:06:39","modified_gmt":"2024-08-27T09:06:39","slug":"a-partir-de-2024-les-invitations-aux-depistages-des-cancers-seront-gerees-par-lassurance-maladie","status":"publish","type":"post","link":"https:\/\/www.depistage-cancer.fr\/centre\/2024\/04\/02\/a-partir-de-2024-les-invitations-aux-depistages-des-cancers-seront-gerees-par-lassurance-maladie\/","title":{"rendered":"\u00c0 partir de 2024, les invitations aux d\u00e9pistages des cancers seront g\u00e9r\u00e9es par l\u2019assurance maladie"},"content":{"rendered":"\n<p>Lors du <a href=\"#ancre\">premier comit\u00e9<\/a> de suivi de la strat\u00e9gie d\u00e9cennale de lutte contre le cancer le 5 d\u00e9cembre 2022, la Premi\u00e8re ministre a annonc\u00e9 une nouvelle feuille de route des d\u00e9pistages organis\u00e9s des cancers \u00ab Priorit\u00e9 d\u00e9pistages \u00bb reposant sur une organisation r\u00e9nov\u00e9e des programmes de d\u00e9pistage.\u00a0<\/p>\n\n\n\n<p>Un des piliers de cette feuille de route est le transfert du pilotage des invitations et relances \u00e0 participer \u00e0 un d\u00e9pistage organis\u00e9 \u00e0 l\u2019assurance maladie d\u00e8s d\u00e9but 2024.&nbsp;<\/p>\n\n\n\n<p>Ainsi les diff\u00e9rents r\u00e9gimes d\u2019assurance maladie, identifieront dans leurs bases de donn\u00e9es les personnes \u00e9ligibles \u00e0 un d\u00e9pistage organis\u00e9 et leur adresseront des invitations et, le cas \u00e9ch\u00e9ant, des relances. Ces envois pourront \u00eatre papiers ou \u00e9lectroniques (selon le programme de d\u00e9pistage, le type de courrier,\u2026).&nbsp;<\/p>\n\n\n\n<figure class=\"wp-block-image\"><img decoding=\"async\" data-src=\"https:\/\/lh7-us.googleusercontent.com\/DChRb5LJoRyEQS1BLtwIULlGbLNrDHKcyz0-aDvSuazqLmC-mplR0_EI7JuvHZ6tB0nQail1rJX3J_YtfZoeGh2KSVXV0MfbMKdzd2cWfbsB9G4vrNWZ7X_qQsa32cKOs-25oasaiVkMy_0VkV0IYQ\" alt=\"\" src=\"data:image\/svg+xml;base64,PHN2ZyB3aWR0aD0iMSIgaGVpZ2h0PSIxIiB4bWxucz0iaHR0cDovL3d3dy53My5vcmcvMjAwMC9zdmciPjwvc3ZnPg==\" class=\"lazyload\" \/><\/figure>\n\n\n\n<h2 class=\"wp-block-heading\" id=\"test\">Vous n\u2019avez pas re\u00e7u votre invitation&nbsp;?&nbsp;<\/h2>\n\n\n\n<p>Pour recevoir votre invitation, contactez votre Caisse d\u2019Assurance Maladie par t\u00e9l\u00e9phone ou par votre espace internet&nbsp;:<\/p>\n\n\n\n<ul class=\"wp-block-list\">\n<li>CPAM et r\u00e9gimes h\u00e9berg\u00e9s * : Appeler au&nbsp;<a href=\"tel:%223646%22\">3646<\/a><\/li>\n\n\n\n<li>MSA :\n<ul class=\"wp-block-list\">\n<li>Appeler au&nbsp;<a href=\"tel:%220237999999%22\">02 37&nbsp;999&nbsp;999<\/a>&nbsp;pour les d\u00e9partements du Cher (18), de l\u2019Eure-et-Loir (28), du Loiret (45)<\/li>\n\n\n\n<li>Appeler au&nbsp;<a href=\"tel:0254448787\">02 54 44 87 87<\/a>&nbsp;pour les d\u00e9partements de l\u2019Indre (36), de l\u2019Indre-et-Loire (37), du Loir-et-Cher (41)<\/li>\n<\/ul>\n<\/li>\n\n\n\n<li>MGEN :&nbsp;<a href=\"tel:%223676%22\">3676<\/a><\/li>\n\n\n\n<li>SNCF appeler au&nbsp;<a href=\"tel:0495040404\">04 95 04 04 04<\/a><\/li>\n\n\n\n<li>Autres r\u00e9gimes sp\u00e9ciaux d\u2019assurance maladie, veuillez directement contacter la caisse dont vous d\u00e9pendez<\/li>\n<\/ul>\n\n\n\n<p><strong>Le CRCDC ne peut pas envoyer les invitations aux programmes de d\u00e9pistage depuis janvier 2024.<\/strong><\/p>\n\n\n\n<p><strong>*<\/strong>R\u00e9gimes h\u00e9berg\u00e9s&nbsp;: Sections Locales Mutualistes (MAEE, CAMIEG, INTERIAL, MAGE, MCVPAP),&nbsp;R\u00e9gime de la Banque de France (BDF), Caisse d&rsquo;Assurance Vieillesse Invalidit\u00e9 et Maladie des Cultes (CAVIMAC), R\u00e9gime Minier de S\u00e9curit\u00e9 Sociale (CANSSM), Caisse de Retraite et de Pr\u00e9voyance des Clercs et Employ\u00e9s de Notaire (CRPCEN), Etablissement, National des Invalides de la Marine (ENIM), Mutuelle G\u00e9n\u00e9rale de la Police (MGP), Caisse des fran\u00e7ais de l\u2019\u00e9tranger (CFE)<\/p>\n\n\n\n<p><strong>A noter&nbsp;:<\/strong><\/p>\n\n\n\n<ul class=\"wp-block-list\">\n<li><strong>Si votre derni\u00e8re mammographie de d\u00e9pistage date de plus de 2 ans, <\/strong>vous pouvez prendre un rendez-vous aupr\u00e8s d\u2019un cabinet d\u2019imagerie m\u00e9dicale pour une mammographie de d\u00e9pistage sans invitation. Votre \u00e9ligibilit\u00e9 au programme de d\u00e9pistage organis\u00e9 sera v\u00e9rifi\u00e9e par le cabinet d\u2019imagerie m\u00e9dicale.<\/li>\n\n\n\n<li><strong>Si votre dernier test de d\u00e9pistage du cancer colorectal date de plus de 2 ans, <\/strong>vous pouvez demander un kit de d\u00e9pistage \u00e0 votre m\u00e9decin ou pharmacien sans invitation. Ces professionnels v\u00e9rifieront votre \u00e9ligibilit\u00e9 au programme de d\u00e9pistage organis\u00e9.<\/li>\n\n\n\n<li><strong>Vous pouvez prendre rendez-vous avec votre m\u00e9decin, gyn\u00e9cologue, sage-femme <\/strong>pour r\u00e9aliser le d\u00e9pistage du cancer du col de l\u2019ut\u00e9rus sans invitation. Ces professionnels v\u00e9rifieront votre \u00e9ligibilit\u00e9 au programme de d\u00e9pistage organis\u00e9.&nbsp;<\/li>\n<\/ul>\n\n\n\n<h2 class=\"wp-block-heading\">Vous n\u2019\u00eates pas concern\u00e9 par le programme de d\u00e9pistage organis\u00e9&nbsp;?<\/h2>\n\n\n\n<p>Pour notifier \u00e0 votre caisse d\u2019assurance maladie un suivi particulier vous devez vous reporter aux informations pr\u00e9sentes au dos de votre invitation.<\/p>\n\n\n\n<p><strong>Liens utiles<\/strong><\/p>\n\n\n\n<ul class=\"wp-block-list\">\n<li><a href=\"https:\/\/www.ameli.fr\/indre-et-loire\/assure\/sante\/themes\/cancer-col-uterus\/depistage-organise-cancer-col-uterus\" target=\"_blank\" rel=\"noreferrer noopener\">D\u00e9pistage du cancer du col de l\u2019ut\u00e9rus<\/a><\/li>\n\n\n\n<li><a href=\"https:\/\/www.ameli.fr\/indre-et-loire\/assure\/sante\/themes\/cancer-colorectal\/cancer-colorectal-depistage\">D\u00e9pistage du cancer colorectal<\/a>&nbsp;<\/li>\n\n\n\n<li><a href=\"https:\/\/www.ameli.fr\/indre-et-loire\/assure\/sante\/themes\/cancer-sein\/depistage-organise-50-74-ans\">D\u00e9pistage du cancer du sein<\/a><\/li>\n<\/ul>\n","protected":false},"excerpt":{"rendered":"<p>Lors du premier comit\u00e9 de suivi de la strat\u00e9gie d\u00e9cennale de lutte contre le cancer le 5 d\u00e9cembre 2022, la Premi\u00e8re ministre a annonc\u00e9 une nouvelle feuille de route des [&hellip;]<\/p>\n","protected":false},"author":1,"featured_media":3692,"comment_status":"closed","ping_status":"closed","sticky":false,"template":"","format":"standard","meta":{"_acf_changed":false,"inline_featured_image":false,"footnotes":""},"categories":[30,12],"tags":[],"class_list":["post-2154","post","type-post","status-publish","format-standard","has-post-thumbnail","hentry","category-grand-public","category-professionnel"],"acf":[],"yoast_head":"<!-- This site is optimized with the Yoast SEO plugin v27.5 - https:\/\/yoast.com\/product\/yoast-seo-wordpress\/ -->\n<title>\u00c0 partir de 2024, les invitations aux d\u00e9pistages des cancers seront g\u00e9r\u00e9es par l\u2019assurance maladie - Centre de coordination Centre Val de Loire - D\u00e9pistage des cancers<\/title>\n<meta name=\"robots\" content=\"index, follow, max-snippet:-1, max-image-preview:large, max-video-preview:-1\" \/>\n<link rel=\"canonical\" href=\"https:\/\/www.depistage-cancer.fr\/centre\/2024\/04\/02\/a-partir-de-2024-les-invitations-aux-depistages-des-cancers-seront-gerees-par-lassurance-maladie\/\" \/>\n<meta property=\"og:locale\" content=\"fr_FR\" \/>\n<meta property=\"og:type\" content=\"article\" \/>\n<meta property=\"og:title\" content=\"\u00c0 partir de 2024, les invitations aux d\u00e9pistages des cancers seront g\u00e9r\u00e9es par l\u2019assurance maladie - Centre de coordination Centre Val de Loire - D\u00e9pistage des cancers\" \/>\n<meta property=\"og:description\" content=\"Lors du premier comit\u00e9 de suivi de la strat\u00e9gie d\u00e9cennale de lutte contre le cancer le 5 d\u00e9cembre 2022, la Premi\u00e8re ministre a annonc\u00e9 une nouvelle feuille de route des [&hellip;]\" \/>\n<meta property=\"og:url\" content=\"https:\/\/www.depistage-cancer.fr\/centre\/2024\/04\/02\/a-partir-de-2024-les-invitations-aux-depistages-des-cancers-seront-gerees-par-lassurance-maladie\/\" \/>\n<meta property=\"og:site_name\" content=\"Centre de coordination Centre Val de Loire - D\u00e9pistage des cancers\" \/>\n<meta property=\"article:publisher\" content=\"https:\/\/www.facebook.com\/Depistagedescancers.CVL\" \/>\n<meta property=\"article:published_time\" content=\"2024-04-02T14:01:14+00:00\" \/>\n<meta property=\"article:modified_time\" content=\"2024-08-27T09:06:39+00:00\" \/>\n<meta property=\"og:image\" content=\"https:\/\/www.depistage-cancer.fr\/centre\/wp-content\/uploads\/2024\/04\/Article-site-internet.png\" \/>\n\t<meta property=\"og:image:width\" content=\"1080\" \/>\n\t<meta property=\"og:image:height\" content=\"1080\" \/>\n\t<meta property=\"og:image:type\" content=\"image\/png\" \/>\n<meta name=\"author\" content=\"isf-admin\" \/>\n<meta name=\"twitter:card\" content=\"summary_large_image\" \/>\n<meta name=\"twitter:label1\" content=\"\u00c9crit par\" \/>\n\t<meta name=\"twitter:data1\" content=\"isf-admin\" \/>\n\t<meta name=\"twitter:label2\" content=\"Dur\u00e9e de lecture estim\u00e9e\" \/>\n\t<meta name=\"twitter:data2\" content=\"3 minutes\" \/>\n<script type=\"application\/ld+json\" class=\"yoast-schema-graph\">{\"@context\":\"https:\\\/\\\/schema.org\",\"@graph\":[{\"@type\":\"Article\",\"@id\":\"https:\\\/\\\/www.depistage-cancer.fr\\\/centre\\\/2024\\\/04\\\/02\\\/a-partir-de-2024-les-invitations-aux-depistages-des-cancers-seront-gerees-par-lassurance-maladie\\\/#article\",\"isPartOf\":{\"@id\":\"https:\\\/\\\/www.depistage-cancer.fr\\\/centre\\\/2024\\\/04\\\/02\\\/a-partir-de-2024-les-invitations-aux-depistages-des-cancers-seront-gerees-par-lassurance-maladie\\\/\"},\"author\":{\"name\":\"isf-admin\",\"@id\":\"https:\\\/\\\/www.depistage-cancer.fr\\\/centre\\\/#\\\/schema\\\/person\\\/f3979755966f003596b682c8cb66084f\"},\"headline\":\"\u00c0 partir de 2024, les invitations aux d\u00e9pistages des cancers seront g\u00e9r\u00e9es par l\u2019assurance maladie\",\"datePublished\":\"2024-04-02T14:01:14+00:00\",\"dateModified\":\"2024-08-27T09:06:39+00:00\",\"mainEntityOfPage\":{\"@id\":\"https:\\\/\\\/www.depistage-cancer.fr\\\/centre\\\/2024\\\/04\\\/02\\\/a-partir-de-2024-les-invitations-aux-depistages-des-cancers-seront-gerees-par-lassurance-maladie\\\/\"},\"wordCount\":543,\"publisher\":{\"@id\":\"https:\\\/\\\/www.depistage-cancer.fr\\\/centre\\\/#organization\"},\"image\":{\"@id\":\"https:\\\/\\\/www.depistage-cancer.fr\\\/centre\\\/2024\\\/04\\\/02\\\/a-partir-de-2024-les-invitations-aux-depistages-des-cancers-seront-gerees-par-lassurance-maladie\\\/#primaryimage\"},\"thumbnailUrl\":\"https:\\\/\\\/www.depistage-cancer.fr\\\/centre\\\/wp-content\\\/uploads\\\/2024\\\/04\\\/Article-site-internet.png\",\"articleSection\":[\"Grand Public\",\"Professionnel\"],\"inLanguage\":\"fr-FR\"},{\"@type\":\"WebPage\",\"@id\":\"https:\\\/\\\/www.depistage-cancer.fr\\\/centre\\\/2024\\\/04\\\/02\\\/a-partir-de-2024-les-invitations-aux-depistages-des-cancers-seront-gerees-par-lassurance-maladie\\\/\",\"url\":\"https:\\\/\\\/www.depistage-cancer.fr\\\/centre\\\/2024\\\/04\\\/02\\\/a-partir-de-2024-les-invitations-aux-depistages-des-cancers-seront-gerees-par-lassurance-maladie\\\/\",\"name\":\"\u00c0 partir de 2024, les invitations aux d\u00e9pistages des cancers seront g\u00e9r\u00e9es par l\u2019assurance maladie - Centre de coordination Centre Val de Loire - D\u00e9pistage des cancers\",\"isPartOf\":{\"@id\":\"https:\\\/\\\/www.depistage-cancer.fr\\\/centre\\\/#website\"},\"primaryImageOfPage\":{\"@id\":\"https:\\\/\\\/www.depistage-cancer.fr\\\/centre\\\/2024\\\/04\\\/02\\\/a-partir-de-2024-les-invitations-aux-depistages-des-cancers-seront-gerees-par-lassurance-maladie\\\/#primaryimage\"},\"image\":{\"@id\":\"https:\\\/\\\/www.depistage-cancer.fr\\\/centre\\\/2024\\\/04\\\/02\\\/a-partir-de-2024-les-invitations-aux-depistages-des-cancers-seront-gerees-par-lassurance-maladie\\\/#primaryimage\"},\"thumbnailUrl\":\"https:\\\/\\\/www.depistage-cancer.fr\\\/centre\\\/wp-content\\\/uploads\\\/2024\\\/04\\\/Article-site-internet.png\",\"datePublished\":\"2024-04-02T14:01:14+00:00\",\"dateModified\":\"2024-08-27T09:06:39+00:00\",\"breadcrumb\":{\"@id\":\"https:\\\/\\\/www.depistage-cancer.fr\\\/centre\\\/2024\\\/04\\\/02\\\/a-partir-de-2024-les-invitations-aux-depistages-des-cancers-seront-gerees-par-lassurance-maladie\\\/#breadcrumb\"},\"inLanguage\":\"fr-FR\",\"potentialAction\":[{\"@type\":\"ReadAction\",\"target\":[\"https:\\\/\\\/www.depistage-cancer.fr\\\/centre\\\/2024\\\/04\\\/02\\\/a-partir-de-2024-les-invitations-aux-depistages-des-cancers-seront-gerees-par-lassurance-maladie\\\/\"]}]},{\"@type\":\"ImageObject\",\"inLanguage\":\"fr-FR\",\"@id\":\"https:\\\/\\\/www.depistage-cancer.fr\\\/centre\\\/2024\\\/04\\\/02\\\/a-partir-de-2024-les-invitations-aux-depistages-des-cancers-seront-gerees-par-lassurance-maladie\\\/#primaryimage\",\"url\":\"https:\\\/\\\/www.depistage-cancer.fr\\\/centre\\\/wp-content\\\/uploads\\\/2024\\\/04\\\/Article-site-internet.png\",\"contentUrl\":\"https:\\\/\\\/www.depistage-cancer.fr\\\/centre\\\/wp-content\\\/uploads\\\/2024\\\/04\\\/Article-site-internet.png\",\"width\":1080,\"height\":1080},{\"@type\":\"BreadcrumbList\",\"@id\":\"https:\\\/\\\/www.depistage-cancer.fr\\\/centre\\\/2024\\\/04\\\/02\\\/a-partir-de-2024-les-invitations-aux-depistages-des-cancers-seront-gerees-par-lassurance-maladie\\\/#breadcrumb\",\"itemListElement\":[{\"@type\":\"ListItem\",\"position\":1,\"name\":\"Accueil\",\"item\":\"https:\\\/\\\/www.depistage-cancer.fr\\\/centre\\\/\"},{\"@type\":\"ListItem\",\"position\":2,\"name\":\"\u00c0 partir de 2024, les invitations aux d\u00e9pistages des cancers seront g\u00e9r\u00e9es par l\u2019assurance maladie\"}]},{\"@type\":\"WebSite\",\"@id\":\"https:\\\/\\\/www.depistage-cancer.fr\\\/centre\\\/#website\",\"url\":\"https:\\\/\\\/www.depistage-cancer.fr\\\/centre\\\/\",\"name\":\"Centre de coordination Centre Val de Loire - D\u00e9pistage des cancers\",\"description\":\"D\u00e9pister, c&#039;est prot\u00e9ger !\",\"publisher\":{\"@id\":\"https:\\\/\\\/www.depistage-cancer.fr\\\/centre\\\/#organization\"},\"alternateName\":\"CRCDC Centre Val de Loire\",\"potentialAction\":[{\"@type\":\"SearchAction\",\"target\":{\"@type\":\"EntryPoint\",\"urlTemplate\":\"https:\\\/\\\/www.depistage-cancer.fr\\\/centre\\\/?s={search_term_string}\"},\"query-input\":{\"@type\":\"PropertyValueSpecification\",\"valueRequired\":true,\"valueName\":\"search_term_string\"}}],\"inLanguage\":\"fr-FR\"},{\"@type\":\"Organization\",\"@id\":\"https:\\\/\\\/www.depistage-cancer.fr\\\/centre\\\/#organization\",\"name\":\"Centre de coordination Centre Val de Loire - D\u00e9pistage des cancers\",\"alternateName\":\"CRCDC Centre Val de Loire\",\"url\":\"https:\\\/\\\/www.depistage-cancer.fr\\\/centre\\\/\",\"logo\":{\"@type\":\"ImageObject\",\"inLanguage\":\"fr-FR\",\"@id\":\"https:\\\/\\\/www.depistage-cancer.fr\\\/centre\\\/#\\\/schema\\\/logo\\\/image\\\/\",\"url\":\"https:\\\/\\\/www.depistage-cancer.fr\\\/centre\\\/wp-content\\\/uploads\\\/2024\\\/02\\\/logo-crcdc-cvl.webp\",\"contentUrl\":\"https:\\\/\\\/www.depistage-cancer.fr\\\/centre\\\/wp-content\\\/uploads\\\/2024\\\/02\\\/logo-crcdc-cvl.webp\",\"width\":491,\"height\":238,\"caption\":\"Centre de coordination Centre Val de Loire - D\u00e9pistage des cancers\"},\"image\":{\"@id\":\"https:\\\/\\\/www.depistage-cancer.fr\\\/centre\\\/#\\\/schema\\\/logo\\\/image\\\/\"},\"sameAs\":[\"https:\\\/\\\/www.facebook.com\\\/Depistagedescancers.CVL\",\"https:\\\/\\\/www.youtube.com\\\/@crcdccentre-valdeloire8386\"]},{\"@type\":\"Person\",\"@id\":\"https:\\\/\\\/www.depistage-cancer.fr\\\/centre\\\/#\\\/schema\\\/person\\\/f3979755966f003596b682c8cb66084f\",\"name\":\"isf-admin\",\"image\":{\"@type\":\"ImageObject\",\"inLanguage\":\"fr-FR\",\"@id\":\"https:\\\/\\\/secure.gravatar.com\\\/avatar\\\/d6302960ea511240d5e15d8e7157056c79b7d963f74c08cdb5bac199ec9eb82b?s=96&d=mm&r=g\",\"url\":\"https:\\\/\\\/secure.gravatar.com\\\/avatar\\\/d6302960ea511240d5e15d8e7157056c79b7d963f74c08cdb5bac199ec9eb82b?s=96&d=mm&r=g\",\"contentUrl\":\"https:\\\/\\\/secure.gravatar.com\\\/avatar\\\/d6302960ea511240d5e15d8e7157056c79b7d963f74c08cdb5bac199ec9eb82b?s=96&d=mm&r=g\",\"caption\":\"isf-admin\"},\"sameAs\":[\"https:\\\/\\\/www.depistage-cancer.fr\\\/centre\"],\"url\":\"https:\\\/\\\/www.depistage-cancer.fr\\\/centre\\\/author\\\/isf-admin\\\/\"}]}<\/script>\n<!-- \/ Yoast SEO plugin. -->","yoast_head_json":{"title":"\u00c0 partir de 2024, les invitations aux d\u00e9pistages des cancers seront g\u00e9r\u00e9es par l\u2019assurance maladie - Centre de coordination Centre Val de Loire - D\u00e9pistage des cancers","robots":{"index":"index","follow":"follow","max-snippet":"max-snippet:-1","max-image-preview":"max-image-preview:large","max-video-preview":"max-video-preview:-1"},"canonical":"https:\/\/www.depistage-cancer.fr\/centre\/2024\/04\/02\/a-partir-de-2024-les-invitations-aux-depistages-des-cancers-seront-gerees-par-lassurance-maladie\/","og_locale":"fr_FR","og_type":"article","og_title":"\u00c0 partir de 2024, les invitations aux d\u00e9pistages des cancers seront g\u00e9r\u00e9es par l\u2019assurance maladie - Centre de coordination Centre Val de Loire - D\u00e9pistage des cancers","og_description":"Lors du premier comit\u00e9 de suivi de la strat\u00e9gie d\u00e9cennale de lutte contre le cancer le 5 d\u00e9cembre 2022, la Premi\u00e8re ministre a annonc\u00e9 une nouvelle feuille de route des [&hellip;]","og_url":"https:\/\/www.depistage-cancer.fr\/centre\/2024\/04\/02\/a-partir-de-2024-les-invitations-aux-depistages-des-cancers-seront-gerees-par-lassurance-maladie\/","og_site_name":"Centre de coordination Centre Val de Loire - D\u00e9pistage des cancers","article_publisher":"https:\/\/www.facebook.com\/Depistagedescancers.CVL","article_published_time":"2024-04-02T14:01:14+00:00","article_modified_time":"2024-08-27T09:06:39+00:00","og_image":[{"width":1080,"height":1080,"url":"https:\/\/www.depistage-cancer.fr\/centre\/wp-content\/uploads\/2024\/04\/Article-site-internet.png","type":"image\/png"}],"author":"isf-admin","twitter_card":"summary_large_image","twitter_misc":{"\u00c9crit par":"isf-admin","Dur\u00e9e de lecture estim\u00e9e":"3 minutes"},"schema":{"@context":"https:\/\/schema.org","@graph":[{"@type":"Article","@id":"https:\/\/www.depistage-cancer.fr\/centre\/2024\/04\/02\/a-partir-de-2024-les-invitations-aux-depistages-des-cancers-seront-gerees-par-lassurance-maladie\/#article","isPartOf":{"@id":"https:\/\/www.depistage-cancer.fr\/centre\/2024\/04\/02\/a-partir-de-2024-les-invitations-aux-depistages-des-cancers-seront-gerees-par-lassurance-maladie\/"},"author":{"name":"isf-admin","@id":"https:\/\/www.depistage-cancer.fr\/centre\/#\/schema\/person\/f3979755966f003596b682c8cb66084f"},"headline":"\u00c0 partir de 2024, les invitations aux d\u00e9pistages des cancers seront g\u00e9r\u00e9es par l\u2019assurance maladie","datePublished":"2024-04-02T14:01:14+00:00","dateModified":"2024-08-27T09:06:39+00:00","mainEntityOfPage":{"@id":"https:\/\/www.depistage-cancer.fr\/centre\/2024\/04\/02\/a-partir-de-2024-les-invitations-aux-depistages-des-cancers-seront-gerees-par-lassurance-maladie\/"},"wordCount":543,"publisher":{"@id":"https:\/\/www.depistage-cancer.fr\/centre\/#organization"},"image":{"@id":"https:\/\/www.depistage-cancer.fr\/centre\/2024\/04\/02\/a-partir-de-2024-les-invitations-aux-depistages-des-cancers-seront-gerees-par-lassurance-maladie\/#primaryimage"},"thumbnailUrl":"https:\/\/www.depistage-cancer.fr\/centre\/wp-content\/uploads\/2024\/04\/Article-site-internet.png","articleSection":["Grand Public","Professionnel"],"inLanguage":"fr-FR"},{"@type":"WebPage","@id":"https:\/\/www.depistage-cancer.fr\/centre\/2024\/04\/02\/a-partir-de-2024-les-invitations-aux-depistages-des-cancers-seront-gerees-par-lassurance-maladie\/","url":"https:\/\/www.depistage-cancer.fr\/centre\/2024\/04\/02\/a-partir-de-2024-les-invitations-aux-depistages-des-cancers-seront-gerees-par-lassurance-maladie\/","name":"\u00c0 partir de 2024, les invitations aux d\u00e9pistages des cancers seront g\u00e9r\u00e9es par l\u2019assurance maladie - Centre de coordination Centre Val de Loire - D\u00e9pistage des cancers","isPartOf":{"@id":"https:\/\/www.depistage-cancer.fr\/centre\/#website"},"primaryImageOfPage":{"@id":"https:\/\/www.depistage-cancer.fr\/centre\/2024\/04\/02\/a-partir-de-2024-les-invitations-aux-depistages-des-cancers-seront-gerees-par-lassurance-maladie\/#primaryimage"},"image":{"@id":"https:\/\/www.depistage-cancer.fr\/centre\/2024\/04\/02\/a-partir-de-2024-les-invitations-aux-depistages-des-cancers-seront-gerees-par-lassurance-maladie\/#primaryimage"},"thumbnailUrl":"https:\/\/www.depistage-cancer.fr\/centre\/wp-content\/uploads\/2024\/04\/Article-site-internet.png","datePublished":"2024-04-02T14:01:14+00:00","dateModified":"2024-08-27T09:06:39+00:00","breadcrumb":{"@id":"https:\/\/www.depistage-cancer.fr\/centre\/2024\/04\/02\/a-partir-de-2024-les-invitations-aux-depistages-des-cancers-seront-gerees-par-lassurance-maladie\/#breadcrumb"},"inLanguage":"fr-FR","potentialAction":[{"@type":"ReadAction","target":["https:\/\/www.depistage-cancer.fr\/centre\/2024\/04\/02\/a-partir-de-2024-les-invitations-aux-depistages-des-cancers-seront-gerees-par-lassurance-maladie\/"]}]},{"@type":"ImageObject","inLanguage":"fr-FR","@id":"https:\/\/www.depistage-cancer.fr\/centre\/2024\/04\/02\/a-partir-de-2024-les-invitations-aux-depistages-des-cancers-seront-gerees-par-lassurance-maladie\/#primaryimage","url":"https:\/\/www.depistage-cancer.fr\/centre\/wp-content\/uploads\/2024\/04\/Article-site-internet.png","contentUrl":"https:\/\/www.depistage-cancer.fr\/centre\/wp-content\/uploads\/2024\/04\/Article-site-internet.png","width":1080,"height":1080},{"@type":"BreadcrumbList","@id":"https:\/\/www.depistage-cancer.fr\/centre\/2024\/04\/02\/a-partir-de-2024-les-invitations-aux-depistages-des-cancers-seront-gerees-par-lassurance-maladie\/#breadcrumb","itemListElement":[{"@type":"ListItem","position":1,"name":"Accueil","item":"https:\/\/www.depistage-cancer.fr\/centre\/"},{"@type":"ListItem","position":2,"name":"\u00c0 partir de 2024, les invitations aux d\u00e9pistages des cancers seront g\u00e9r\u00e9es par l\u2019assurance maladie"}]},{"@type":"WebSite","@id":"https:\/\/www.depistage-cancer.fr\/centre\/#website","url":"https:\/\/www.depistage-cancer.fr\/centre\/","name":"Centre de coordination Centre Val de Loire - D\u00e9pistage des cancers","description":"D\u00e9pister, c&#039;est prot\u00e9ger !","publisher":{"@id":"https:\/\/www.depistage-cancer.fr\/centre\/#organization"},"alternateName":"CRCDC Centre Val de Loire","potentialAction":[{"@type":"SearchAction","target":{"@type":"EntryPoint","urlTemplate":"https:\/\/www.depistage-cancer.fr\/centre\/?s={search_term_string}"},"query-input":{"@type":"PropertyValueSpecification","valueRequired":true,"valueName":"search_term_string"}}],"inLanguage":"fr-FR"},{"@type":"Organization","@id":"https:\/\/www.depistage-cancer.fr\/centre\/#organization","name":"Centre de coordination Centre Val de Loire - D\u00e9pistage des cancers","alternateName":"CRCDC Centre Val de Loire","url":"https:\/\/www.depistage-cancer.fr\/centre\/","logo":{"@type":"ImageObject","inLanguage":"fr-FR","@id":"https:\/\/www.depistage-cancer.fr\/centre\/#\/schema\/logo\/image\/","url":"https:\/\/www.depistage-cancer.fr\/centre\/wp-content\/uploads\/2024\/02\/logo-crcdc-cvl.webp","contentUrl":"https:\/\/www.depistage-cancer.fr\/centre\/wp-content\/uploads\/2024\/02\/logo-crcdc-cvl.webp","width":491,"height":238,"caption":"Centre de coordination Centre Val de Loire - D\u00e9pistage des cancers"},"image":{"@id":"https:\/\/www.depistage-cancer.fr\/centre\/#\/schema\/logo\/image\/"},"sameAs":["https:\/\/www.facebook.com\/Depistagedescancers.CVL","https:\/\/www.youtube.com\/@crcdccentre-valdeloire8386"]},{"@type":"Person","@id":"https:\/\/www.depistage-cancer.fr\/centre\/#\/schema\/person\/f3979755966f003596b682c8cb66084f","name":"isf-admin","image":{"@type":"ImageObject","inLanguage":"fr-FR","@id":"https:\/\/secure.gravatar.com\/avatar\/d6302960ea511240d5e15d8e7157056c79b7d963f74c08cdb5bac199ec9eb82b?s=96&d=mm&r=g","url":"https:\/\/secure.gravatar.com\/avatar\/d6302960ea511240d5e15d8e7157056c79b7d963f74c08cdb5bac199ec9eb82b?s=96&d=mm&r=g","contentUrl":"https:\/\/secure.gravatar.com\/avatar\/d6302960ea511240d5e15d8e7157056c79b7d963f74c08cdb5bac199ec9eb82b?s=96&d=mm&r=g","caption":"isf-admin"},"sameAs":["https:\/\/www.depistage-cancer.fr\/centre"],"url":"https:\/\/www.depistage-cancer.fr\/centre\/author\/isf-admin\/"}]}},"_links":{"self":[{"href":"https:\/\/www.depistage-cancer.fr\/centre\/wp-json\/wp\/v2\/posts\/2154","targetHints":{"allow":["GET"]}}],"collection":[{"href":"https:\/\/www.depistage-cancer.fr\/centre\/wp-json\/wp\/v2\/posts"}],"about":[{"href":"https:\/\/www.depistage-cancer.fr\/centre\/wp-json\/wp\/v2\/types\/post"}],"author":[{"embeddable":true,"href":"https:\/\/www.depistage-cancer.fr\/centre\/wp-json\/wp\/v2\/users\/1"}],"replies":[{"embeddable":true,"href":"https:\/\/www.depistage-cancer.fr\/centre\/wp-json\/wp\/v2\/comments?post=2154"}],"version-history":[{"count":8,"href":"https:\/\/www.depistage-cancer.fr\/centre\/wp-json\/wp\/v2\/posts\/2154\/revisions"}],"predecessor-version":[{"id":3694,"href":"https:\/\/www.depistage-cancer.fr\/centre\/wp-json\/wp\/v2\/posts\/2154\/revisions\/3694"}],"wp:featuredmedia":[{"embeddable":true,"href":"https:\/\/www.depistage-cancer.fr\/centre\/wp-json\/wp\/v2\/media\/3692"}],"wp:attachment":[{"href":"https:\/\/www.depistage-cancer.fr\/centre\/wp-json\/wp\/v2\/media?parent=2154"}],"wp:term":[{"taxonomy":"category","embeddable":true,"href":"https:\/\/www.depistage-cancer.fr\/centre\/wp-json\/wp\/v2\/categories?post=2154"},{"taxonomy":"post_tag","embeddable":true,"href":"https:\/\/www.depistage-cancer.fr\/centre\/wp-json\/wp\/v2\/tags?post=2154"}],"curies":[{"name":"wp","href":"https:\/\/api.w.org\/{rel}","templated":true}]}}