{"id":3776,"date":"2024-11-25T16:09:55","date_gmt":"2024-11-25T15:09:55","guid":{"rendered":"https:\/\/www.depistage-cancer.fr\/centre\/?p=3776"},"modified":"2025-02-05T10:09:01","modified_gmt":"2025-02-05T09:09:01","slug":"laction-soyez-acteur-de-votre-sante-portee-par-la-communaute-de-communes-des-collines-du-perche-et-organisee-par-la-msa-et-le-crcdc-cvl-a-eu-lhonneur-de-recevoir-le-prix-de-la","status":"publish","type":"post","link":"https:\/\/www.depistage-cancer.fr\/centre\/2024\/11\/25\/laction-soyez-acteur-de-votre-sante-portee-par-la-communaute-de-communes-des-collines-du-perche-et-organisee-par-la-msa-et-le-crcdc-cvl-a-eu-lhonneur-de-recevoir-le-prix-de-la\/","title":{"rendered":"INCa-troph\u00e9e des collectivit\u00e9s 2024.\ud83c\udfc6"},"content":{"rendered":"\n<figure class=\"wp-block-image size-full\"><img decoding=\"async\" width=\"348\" height=\"145\" data-src=\"https:\/\/www.depistage-cancer.fr\/centre\/wp-content\/uploads\/2024\/02\/INCa-logo.png\" alt=\"INCa - CRCDC Centre Val de Loire\" class=\"wp-image-141 lazyload\" data-srcset=\"https:\/\/www.depistage-cancer.fr\/centre\/wp-content\/uploads\/2024\/02\/INCa-logo.png 348w, https:\/\/www.depistage-cancer.fr\/centre\/wp-content\/uploads\/2024\/02\/INCa-logo-300x125.png 300w\" data-sizes=\"(max-width: 348px) 100vw, 348px\" src=\"data:image\/svg+xml;base64,PHN2ZyB3aWR0aD0iMSIgaGVpZ2h0PSIxIiB4bWxucz0iaHR0cDovL3d3dy53My5vcmcvMjAwMC9zdmciPjwvc3ZnPg==\" style=\"--smush-placeholder-width: 348px; --smush-placeholder-aspect-ratio: 348\/145;\" \/><\/figure>\n\n\n\n<p>Cette distinction r\u00e9compense des initiatives innovantes et adapt\u00e9es aux besoins sp\u00e9cifiques des zones rurales, notamment pour :<\/p>\n\n\n\n<ul class=\"wp-block-list\">\n<li>Promouvoir le d\u00e9pistage,<\/li>\n\n\n\n<li>Sensibiliser les populations locales,<\/li>\n\n\n\n<li>R\u00e9duire les in\u00e9galit\u00e9s d\u2019acc\u00e8s \u00e0 la pr\u00e9vention.<br>Cette r\u00e9compense met en lumi\u00e8re le formidable travail de collaboration entre les partenaires locaux, les acteurs de terrain et les intervenants engag\u00e9s. Ensemble, nous avons d\u00e9montr\u00e9 qu\u2019il est possible d\u2019apporter des solutions concr\u00e8tes et efficaces pour am\u00e9liorer la pr\u00e9vention et la sant\u00e9 dans les zones rurales. Nous remercions chaleureusement tous ceux qui ont contribu\u00e9 \u00e0 ce projet.<\/li>\n<\/ul>\n\n\n\n<p>@Communaut\u00e9 de communes des collines du Perche @MSA Berry-Touraine @CPAM du Loir-et-Cher @CPTS pays vend\u00f4mois @CLS territoires Vend\u00f4mois @ARS Centre-Val de Loire @CRCDC CVL<\/p>\n\n\n\n<p>Pour en savoir plus, cliquez <a href=\"https:\/\/www.depistage-cancer.fr\/centre\/wp-content\/uploads\/2024\/11\/CP_Remise-prix-du-1e-Trophee-Collectivites-et-prevention-des-cancers.pdf\" target=\"_blank\" rel=\"noreferrer noopener\">ici<\/a><\/p>\n\n\n\n<figure class=\"wp-block-image size-large\"><img decoding=\"async\" width=\"909\" height=\"1024\" data-src=\"https:\/\/www.depistage-cancer.fr\/centre\/wp-content\/uploads\/2024\/11\/1732273396861-909x1024.jpg\" alt=\"\" class=\"wp-image-3777 lazyload\" data-srcset=\"https:\/\/www.depistage-cancer.fr\/centre\/wp-content\/uploads\/2024\/11\/1732273396861-909x1024.jpg 909w, https:\/\/www.depistage-cancer.fr\/centre\/wp-content\/uploads\/2024\/11\/1732273396861-266x300.jpg 266w, https:\/\/www.depistage-cancer.fr\/centre\/wp-content\/uploads\/2024\/11\/1732273396861-768x865.jpg 768w, https:\/\/www.depistage-cancer.fr\/centre\/wp-content\/uploads\/2024\/11\/1732273396861-1364x1536.jpg 1364w, https:\/\/www.depistage-cancer.fr\/centre\/wp-content\/uploads\/2024\/11\/1732273396861-1818x2048.jpg 1818w, https:\/\/www.depistage-cancer.fr\/centre\/wp-content\/uploads\/2024\/11\/1732273396861.jpg 1836w\" data-sizes=\"(max-width: 909px) 100vw, 909px\" src=\"data:image\/svg+xml;base64,PHN2ZyB3aWR0aD0iMSIgaGVpZ2h0PSIxIiB4bWxucz0iaHR0cDovL3d3dy53My5vcmcvMjAwMC9zdmciPjwvc3ZnPg==\" style=\"--smush-placeholder-width: 909px; --smush-placeholder-aspect-ratio: 909\/1024;\" \/><figcaption class=\"wp-element-caption\">De gauche \u00e0 droite :<br>&#8211; Pr Norbert IFRAH, pr\u00e9sident de l\u2019INCa<br>&#8211; V\u00e9ronique GUILLOTIN, s\u00e9natrice de Meurthe et Moselle et pr\u00e9sidente du jury<br>&#8211; Odile CAPITAINE, vice pr\u00e9sidente de la Communaut\u00e9 de communes des Collines du Perche<\/figcaption><\/figure>\n\n\n\n<p><\/p>\n\n\n\n<p><\/p>\n","protected":false},"excerpt":{"rendered":"<p>Cette distinction r\u00e9compense des initiatives innovantes et adapt\u00e9es aux besoins sp\u00e9cifiques des zones rurales, notamment pour : @Communaut\u00e9 de communes des collines du Perche @MSA Berry-Touraine @CPAM du Loir-et-Cher @CPTS [&hellip;]<\/p>\n","protected":false},"author":4,"featured_media":3839,"comment_status":"closed","ping_status":"closed","sticky":false,"template":"","format":"standard","meta":{"_acf_changed":false,"inline_featured_image":false,"footnotes":""},"categories":[30,12],"tags":[41],"class_list":["post-3776","post","type-post","status-publish","format-standard","has-post-thumbnail","hentry","category-grand-public","category-professionnel","tag-crcdc-centre-val-de-loire"],"acf":[],"yoast_head":"<!-- This site is optimized with the Yoast SEO plugin v27.5 - https:\/\/yoast.com\/product\/yoast-seo-wordpress\/ -->\n<title>INCa-troph\u00e9e des collectivit\u00e9s 2024.\ud83c\udfc6 - Centre de coordination Centre Val de Loire - D\u00e9pistage des cancers<\/title>\n<meta name=\"robots\" content=\"index, follow, max-snippet:-1, max-image-preview:large, max-video-preview:-1\" \/>\n<link rel=\"canonical\" href=\"https:\/\/www.depistage-cancer.fr\/centre\/2024\/11\/25\/laction-soyez-acteur-de-votre-sante-portee-par-la-communaute-de-communes-des-collines-du-perche-et-organisee-par-la-msa-et-le-crcdc-cvl-a-eu-lhonneur-de-recevoir-le-prix-de-la\/\" \/>\n<meta property=\"og:locale\" content=\"fr_FR\" \/>\n<meta property=\"og:type\" content=\"article\" \/>\n<meta property=\"og:title\" content=\"INCa-troph\u00e9e des collectivit\u00e9s 2024.\ud83c\udfc6 - Centre de coordination Centre Val de Loire - D\u00e9pistage des cancers\" \/>\n<meta property=\"og:description\" content=\"Cette distinction r\u00e9compense des initiatives innovantes et adapt\u00e9es aux besoins sp\u00e9cifiques des zones rurales, notamment pour : @Communaut\u00e9 de communes des collines du Perche @MSA Berry-Touraine @CPAM du Loir-et-Cher @CPTS [&hellip;]\" \/>\n<meta property=\"og:url\" content=\"https:\/\/www.depistage-cancer.fr\/centre\/2024\/11\/25\/laction-soyez-acteur-de-votre-sante-portee-par-la-communaute-de-communes-des-collines-du-perche-et-organisee-par-la-msa-et-le-crcdc-cvl-a-eu-lhonneur-de-recevoir-le-prix-de-la\/\" \/>\n<meta property=\"og:site_name\" content=\"Centre de coordination Centre Val de Loire - D\u00e9pistage des cancers\" \/>\n<meta property=\"article:publisher\" content=\"https:\/\/www.facebook.com\/Depistagedescancers.CVL\" \/>\n<meta property=\"article:published_time\" content=\"2024-11-25T15:09:55+00:00\" \/>\n<meta property=\"article:modified_time\" content=\"2025-02-05T09:09:01+00:00\" \/>\n<meta property=\"og:image\" content=\"https:\/\/www.depistage-cancer.fr\/centre\/wp-content\/uploads\/2024\/11\/Trophee-collectivites.png\" \/>\n\t<meta property=\"og:image:width\" content=\"1065\" \/>\n\t<meta property=\"og:image:height\" content=\"924\" \/>\n\t<meta property=\"og:image:type\" content=\"image\/png\" \/>\n<meta name=\"author\" content=\"Julie BOYARD\" \/>\n<meta name=\"twitter:card\" content=\"summary_large_image\" \/>\n<meta name=\"twitter:label1\" content=\"\u00c9crit par\" \/>\n\t<meta name=\"twitter:data1\" content=\"Julie BOYARD\" \/>\n\t<meta name=\"twitter:label2\" content=\"Dur\u00e9e de lecture estim\u00e9e\" \/>\n\t<meta name=\"twitter:data2\" content=\"2 minutes\" \/>\n<script type=\"application\/ld+json\" class=\"yoast-schema-graph\">{\"@context\":\"https:\\\/\\\/schema.org\",\"@graph\":[{\"@type\":\"Article\",\"@id\":\"https:\\\/\\\/www.depistage-cancer.fr\\\/centre\\\/2024\\\/11\\\/25\\\/laction-soyez-acteur-de-votre-sante-portee-par-la-communaute-de-communes-des-collines-du-perche-et-organisee-par-la-msa-et-le-crcdc-cvl-a-eu-lhonneur-de-recevoir-le-prix-de-la\\\/#article\",\"isPartOf\":{\"@id\":\"https:\\\/\\\/www.depistage-cancer.fr\\\/centre\\\/2024\\\/11\\\/25\\\/laction-soyez-acteur-de-votre-sante-portee-par-la-communaute-de-communes-des-collines-du-perche-et-organisee-par-la-msa-et-le-crcdc-cvl-a-eu-lhonneur-de-recevoir-le-prix-de-la\\\/\"},\"author\":{\"name\":\"Julie BOYARD\",\"@id\":\"https:\\\/\\\/www.depistage-cancer.fr\\\/centre\\\/#\\\/schema\\\/person\\\/26d607438a9b03b9826d6666a95803a8\"},\"headline\":\"INCa-troph\u00e9e des collectivit\u00e9s 2024.\ud83c\udfc6\",\"datePublished\":\"2024-11-25T15:09:55+00:00\",\"dateModified\":\"2025-02-05T09:09:01+00:00\",\"mainEntityOfPage\":{\"@id\":\"https:\\\/\\\/www.depistage-cancer.fr\\\/centre\\\/2024\\\/11\\\/25\\\/laction-soyez-acteur-de-votre-sante-portee-par-la-communaute-de-communes-des-collines-du-perche-et-organisee-par-la-msa-et-le-crcdc-cvl-a-eu-lhonneur-de-recevoir-le-prix-de-la\\\/\"},\"wordCount\":181,\"publisher\":{\"@id\":\"https:\\\/\\\/www.depistage-cancer.fr\\\/centre\\\/#organization\"},\"image\":{\"@id\":\"https:\\\/\\\/www.depistage-cancer.fr\\\/centre\\\/2024\\\/11\\\/25\\\/laction-soyez-acteur-de-votre-sante-portee-par-la-communaute-de-communes-des-collines-du-perche-et-organisee-par-la-msa-et-le-crcdc-cvl-a-eu-lhonneur-de-recevoir-le-prix-de-la\\\/#primaryimage\"},\"thumbnailUrl\":\"https:\\\/\\\/www.depistage-cancer.fr\\\/centre\\\/wp-content\\\/uploads\\\/2024\\\/11\\\/Trophee-collectivites.png\",\"keywords\":[\"CRCDC Centre Val de Loire\"],\"articleSection\":[\"Grand Public\",\"Professionnel\"],\"inLanguage\":\"fr-FR\"},{\"@type\":\"WebPage\",\"@id\":\"https:\\\/\\\/www.depistage-cancer.fr\\\/centre\\\/2024\\\/11\\\/25\\\/laction-soyez-acteur-de-votre-sante-portee-par-la-communaute-de-communes-des-collines-du-perche-et-organisee-par-la-msa-et-le-crcdc-cvl-a-eu-lhonneur-de-recevoir-le-prix-de-la\\\/\",\"url\":\"https:\\\/\\\/www.depistage-cancer.fr\\\/centre\\\/2024\\\/11\\\/25\\\/laction-soyez-acteur-de-votre-sante-portee-par-la-communaute-de-communes-des-collines-du-perche-et-organisee-par-la-msa-et-le-crcdc-cvl-a-eu-lhonneur-de-recevoir-le-prix-de-la\\\/\",\"name\":\"INCa-troph\u00e9e des collectivit\u00e9s 2024.\ud83c\udfc6 - Centre de coordination Centre Val de Loire - D\u00e9pistage des cancers\",\"isPartOf\":{\"@id\":\"https:\\\/\\\/www.depistage-cancer.fr\\\/centre\\\/#website\"},\"primaryImageOfPage\":{\"@id\":\"https:\\\/\\\/www.depistage-cancer.fr\\\/centre\\\/2024\\\/11\\\/25\\\/laction-soyez-acteur-de-votre-sante-portee-par-la-communaute-de-communes-des-collines-du-perche-et-organisee-par-la-msa-et-le-crcdc-cvl-a-eu-lhonneur-de-recevoir-le-prix-de-la\\\/#primaryimage\"},\"image\":{\"@id\":\"https:\\\/\\\/www.depistage-cancer.fr\\\/centre\\\/2024\\\/11\\\/25\\\/laction-soyez-acteur-de-votre-sante-portee-par-la-communaute-de-communes-des-collines-du-perche-et-organisee-par-la-msa-et-le-crcdc-cvl-a-eu-lhonneur-de-recevoir-le-prix-de-la\\\/#primaryimage\"},\"thumbnailUrl\":\"https:\\\/\\\/www.depistage-cancer.fr\\\/centre\\\/wp-content\\\/uploads\\\/2024\\\/11\\\/Trophee-collectivites.png\",\"datePublished\":\"2024-11-25T15:09:55+00:00\",\"dateModified\":\"2025-02-05T09:09:01+00:00\",\"breadcrumb\":{\"@id\":\"https:\\\/\\\/www.depistage-cancer.fr\\\/centre\\\/2024\\\/11\\\/25\\\/laction-soyez-acteur-de-votre-sante-portee-par-la-communaute-de-communes-des-collines-du-perche-et-organisee-par-la-msa-et-le-crcdc-cvl-a-eu-lhonneur-de-recevoir-le-prix-de-la\\\/#breadcrumb\"},\"inLanguage\":\"fr-FR\",\"potentialAction\":[{\"@type\":\"ReadAction\",\"target\":[\"https:\\\/\\\/www.depistage-cancer.fr\\\/centre\\\/2024\\\/11\\\/25\\\/laction-soyez-acteur-de-votre-sante-portee-par-la-communaute-de-communes-des-collines-du-perche-et-organisee-par-la-msa-et-le-crcdc-cvl-a-eu-lhonneur-de-recevoir-le-prix-de-la\\\/\"]}]},{\"@type\":\"ImageObject\",\"inLanguage\":\"fr-FR\",\"@id\":\"https:\\\/\\\/www.depistage-cancer.fr\\\/centre\\\/2024\\\/11\\\/25\\\/laction-soyez-acteur-de-votre-sante-portee-par-la-communaute-de-communes-des-collines-du-perche-et-organisee-par-la-msa-et-le-crcdc-cvl-a-eu-lhonneur-de-recevoir-le-prix-de-la\\\/#primaryimage\",\"url\":\"https:\\\/\\\/www.depistage-cancer.fr\\\/centre\\\/wp-content\\\/uploads\\\/2024\\\/11\\\/Trophee-collectivites.png\",\"contentUrl\":\"https:\\\/\\\/www.depistage-cancer.fr\\\/centre\\\/wp-content\\\/uploads\\\/2024\\\/11\\\/Trophee-collectivites.png\",\"width\":1065,\"height\":924},{\"@type\":\"BreadcrumbList\",\"@id\":\"https:\\\/\\\/www.depistage-cancer.fr\\\/centre\\\/2024\\\/11\\\/25\\\/laction-soyez-acteur-de-votre-sante-portee-par-la-communaute-de-communes-des-collines-du-perche-et-organisee-par-la-msa-et-le-crcdc-cvl-a-eu-lhonneur-de-recevoir-le-prix-de-la\\\/#breadcrumb\",\"itemListElement\":[{\"@type\":\"ListItem\",\"position\":1,\"name\":\"Accueil\",\"item\":\"https:\\\/\\\/www.depistage-cancer.fr\\\/centre\\\/\"},{\"@type\":\"ListItem\",\"position\":2,\"name\":\"INCa-troph\u00e9e des collectivit\u00e9s 2024.\ud83c\udfc6\"}]},{\"@type\":\"WebSite\",\"@id\":\"https:\\\/\\\/www.depistage-cancer.fr\\\/centre\\\/#website\",\"url\":\"https:\\\/\\\/www.depistage-cancer.fr\\\/centre\\\/\",\"name\":\"Centre de coordination Centre Val de Loire - D\u00e9pistage des cancers\",\"description\":\"D\u00e9pister, c&#039;est prot\u00e9ger !\",\"publisher\":{\"@id\":\"https:\\\/\\\/www.depistage-cancer.fr\\\/centre\\\/#organization\"},\"alternateName\":\"CRCDC Centre Val de Loire\",\"potentialAction\":[{\"@type\":\"SearchAction\",\"target\":{\"@type\":\"EntryPoint\",\"urlTemplate\":\"https:\\\/\\\/www.depistage-cancer.fr\\\/centre\\\/?s={search_term_string}\"},\"query-input\":{\"@type\":\"PropertyValueSpecification\",\"valueRequired\":true,\"valueName\":\"search_term_string\"}}],\"inLanguage\":\"fr-FR\"},{\"@type\":\"Organization\",\"@id\":\"https:\\\/\\\/www.depistage-cancer.fr\\\/centre\\\/#organization\",\"name\":\"Centre de coordination Centre Val de Loire - D\u00e9pistage des cancers\",\"alternateName\":\"CRCDC Centre Val de Loire\",\"url\":\"https:\\\/\\\/www.depistage-cancer.fr\\\/centre\\\/\",\"logo\":{\"@type\":\"ImageObject\",\"inLanguage\":\"fr-FR\",\"@id\":\"https:\\\/\\\/www.depistage-cancer.fr\\\/centre\\\/#\\\/schema\\\/logo\\\/image\\\/\",\"url\":\"https:\\\/\\\/www.depistage-cancer.fr\\\/centre\\\/wp-content\\\/uploads\\\/2024\\\/02\\\/logo-crcdc-cvl.webp\",\"contentUrl\":\"https:\\\/\\\/www.depistage-cancer.fr\\\/centre\\\/wp-content\\\/uploads\\\/2024\\\/02\\\/logo-crcdc-cvl.webp\",\"width\":491,\"height\":238,\"caption\":\"Centre de coordination Centre Val de Loire - D\u00e9pistage des cancers\"},\"image\":{\"@id\":\"https:\\\/\\\/www.depistage-cancer.fr\\\/centre\\\/#\\\/schema\\\/logo\\\/image\\\/\"},\"sameAs\":[\"https:\\\/\\\/www.facebook.com\\\/Depistagedescancers.CVL\",\"https:\\\/\\\/www.youtube.com\\\/@crcdccentre-valdeloire8386\"]},{\"@type\":\"Person\",\"@id\":\"https:\\\/\\\/www.depistage-cancer.fr\\\/centre\\\/#\\\/schema\\\/person\\\/26d607438a9b03b9826d6666a95803a8\",\"name\":\"Julie BOYARD\",\"image\":{\"@type\":\"ImageObject\",\"inLanguage\":\"fr-FR\",\"@id\":\"https:\\\/\\\/secure.gravatar.com\\\/avatar\\\/caefebaa345147e5a3405c6d105cc3cb4ee453fbf573b47e8020eb3824f21524?s=96&d=mm&r=g\",\"url\":\"https:\\\/\\\/secure.gravatar.com\\\/avatar\\\/caefebaa345147e5a3405c6d105cc3cb4ee453fbf573b47e8020eb3824f21524?s=96&d=mm&r=g\",\"contentUrl\":\"https:\\\/\\\/secure.gravatar.com\\\/avatar\\\/caefebaa345147e5a3405c6d105cc3cb4ee453fbf573b47e8020eb3824f21524?s=96&d=mm&r=g\",\"caption\":\"Julie BOYARD\"},\"url\":\"https:\\\/\\\/www.depistage-cancer.fr\\\/centre\\\/author\\\/j-boyard\\\/\"}]}<\/script>\n<!-- \/ Yoast SEO plugin. -->","yoast_head_json":{"title":"INCa-troph\u00e9e des collectivit\u00e9s 2024.\ud83c\udfc6 - Centre de coordination Centre Val de Loire - D\u00e9pistage des cancers","robots":{"index":"index","follow":"follow","max-snippet":"max-snippet:-1","max-image-preview":"max-image-preview:large","max-video-preview":"max-video-preview:-1"},"canonical":"https:\/\/www.depistage-cancer.fr\/centre\/2024\/11\/25\/laction-soyez-acteur-de-votre-sante-portee-par-la-communaute-de-communes-des-collines-du-perche-et-organisee-par-la-msa-et-le-crcdc-cvl-a-eu-lhonneur-de-recevoir-le-prix-de-la\/","og_locale":"fr_FR","og_type":"article","og_title":"INCa-troph\u00e9e des collectivit\u00e9s 2024.\ud83c\udfc6 - Centre de coordination Centre Val de Loire - D\u00e9pistage des cancers","og_description":"Cette distinction r\u00e9compense des initiatives innovantes et adapt\u00e9es aux besoins sp\u00e9cifiques des zones rurales, notamment pour : @Communaut\u00e9 de communes des collines du Perche @MSA Berry-Touraine @CPAM du Loir-et-Cher @CPTS [&hellip;]","og_url":"https:\/\/www.depistage-cancer.fr\/centre\/2024\/11\/25\/laction-soyez-acteur-de-votre-sante-portee-par-la-communaute-de-communes-des-collines-du-perche-et-organisee-par-la-msa-et-le-crcdc-cvl-a-eu-lhonneur-de-recevoir-le-prix-de-la\/","og_site_name":"Centre de coordination Centre Val de Loire - D\u00e9pistage des cancers","article_publisher":"https:\/\/www.facebook.com\/Depistagedescancers.CVL","article_published_time":"2024-11-25T15:09:55+00:00","article_modified_time":"2025-02-05T09:09:01+00:00","og_image":[{"width":1065,"height":924,"url":"https:\/\/www.depistage-cancer.fr\/centre\/wp-content\/uploads\/2024\/11\/Trophee-collectivites.png","type":"image\/png"}],"author":"Julie BOYARD","twitter_card":"summary_large_image","twitter_misc":{"\u00c9crit par":"Julie BOYARD","Dur\u00e9e de lecture estim\u00e9e":"2 minutes"},"schema":{"@context":"https:\/\/schema.org","@graph":[{"@type":"Article","@id":"https:\/\/www.depistage-cancer.fr\/centre\/2024\/11\/25\/laction-soyez-acteur-de-votre-sante-portee-par-la-communaute-de-communes-des-collines-du-perche-et-organisee-par-la-msa-et-le-crcdc-cvl-a-eu-lhonneur-de-recevoir-le-prix-de-la\/#article","isPartOf":{"@id":"https:\/\/www.depistage-cancer.fr\/centre\/2024\/11\/25\/laction-soyez-acteur-de-votre-sante-portee-par-la-communaute-de-communes-des-collines-du-perche-et-organisee-par-la-msa-et-le-crcdc-cvl-a-eu-lhonneur-de-recevoir-le-prix-de-la\/"},"author":{"name":"Julie BOYARD","@id":"https:\/\/www.depistage-cancer.fr\/centre\/#\/schema\/person\/26d607438a9b03b9826d6666a95803a8"},"headline":"INCa-troph\u00e9e des collectivit\u00e9s 2024.\ud83c\udfc6","datePublished":"2024-11-25T15:09:55+00:00","dateModified":"2025-02-05T09:09:01+00:00","mainEntityOfPage":{"@id":"https:\/\/www.depistage-cancer.fr\/centre\/2024\/11\/25\/laction-soyez-acteur-de-votre-sante-portee-par-la-communaute-de-communes-des-collines-du-perche-et-organisee-par-la-msa-et-le-crcdc-cvl-a-eu-lhonneur-de-recevoir-le-prix-de-la\/"},"wordCount":181,"publisher":{"@id":"https:\/\/www.depistage-cancer.fr\/centre\/#organization"},"image":{"@id":"https:\/\/www.depistage-cancer.fr\/centre\/2024\/11\/25\/laction-soyez-acteur-de-votre-sante-portee-par-la-communaute-de-communes-des-collines-du-perche-et-organisee-par-la-msa-et-le-crcdc-cvl-a-eu-lhonneur-de-recevoir-le-prix-de-la\/#primaryimage"},"thumbnailUrl":"https:\/\/www.depistage-cancer.fr\/centre\/wp-content\/uploads\/2024\/11\/Trophee-collectivites.png","keywords":["CRCDC Centre Val de Loire"],"articleSection":["Grand Public","Professionnel"],"inLanguage":"fr-FR"},{"@type":"WebPage","@id":"https:\/\/www.depistage-cancer.fr\/centre\/2024\/11\/25\/laction-soyez-acteur-de-votre-sante-portee-par-la-communaute-de-communes-des-collines-du-perche-et-organisee-par-la-msa-et-le-crcdc-cvl-a-eu-lhonneur-de-recevoir-le-prix-de-la\/","url":"https:\/\/www.depistage-cancer.fr\/centre\/2024\/11\/25\/laction-soyez-acteur-de-votre-sante-portee-par-la-communaute-de-communes-des-collines-du-perche-et-organisee-par-la-msa-et-le-crcdc-cvl-a-eu-lhonneur-de-recevoir-le-prix-de-la\/","name":"INCa-troph\u00e9e des collectivit\u00e9s 2024.\ud83c\udfc6 - Centre de coordination Centre Val de Loire - D\u00e9pistage des cancers","isPartOf":{"@id":"https:\/\/www.depistage-cancer.fr\/centre\/#website"},"primaryImageOfPage":{"@id":"https:\/\/www.depistage-cancer.fr\/centre\/2024\/11\/25\/laction-soyez-acteur-de-votre-sante-portee-par-la-communaute-de-communes-des-collines-du-perche-et-organisee-par-la-msa-et-le-crcdc-cvl-a-eu-lhonneur-de-recevoir-le-prix-de-la\/#primaryimage"},"image":{"@id":"https:\/\/www.depistage-cancer.fr\/centre\/2024\/11\/25\/laction-soyez-acteur-de-votre-sante-portee-par-la-communaute-de-communes-des-collines-du-perche-et-organisee-par-la-msa-et-le-crcdc-cvl-a-eu-lhonneur-de-recevoir-le-prix-de-la\/#primaryimage"},"thumbnailUrl":"https:\/\/www.depistage-cancer.fr\/centre\/wp-content\/uploads\/2024\/11\/Trophee-collectivites.png","datePublished":"2024-11-25T15:09:55+00:00","dateModified":"2025-02-05T09:09:01+00:00","breadcrumb":{"@id":"https:\/\/www.depistage-cancer.fr\/centre\/2024\/11\/25\/laction-soyez-acteur-de-votre-sante-portee-par-la-communaute-de-communes-des-collines-du-perche-et-organisee-par-la-msa-et-le-crcdc-cvl-a-eu-lhonneur-de-recevoir-le-prix-de-la\/#breadcrumb"},"inLanguage":"fr-FR","potentialAction":[{"@type":"ReadAction","target":["https:\/\/www.depistage-cancer.fr\/centre\/2024\/11\/25\/laction-soyez-acteur-de-votre-sante-portee-par-la-communaute-de-communes-des-collines-du-perche-et-organisee-par-la-msa-et-le-crcdc-cvl-a-eu-lhonneur-de-recevoir-le-prix-de-la\/"]}]},{"@type":"ImageObject","inLanguage":"fr-FR","@id":"https:\/\/www.depistage-cancer.fr\/centre\/2024\/11\/25\/laction-soyez-acteur-de-votre-sante-portee-par-la-communaute-de-communes-des-collines-du-perche-et-organisee-par-la-msa-et-le-crcdc-cvl-a-eu-lhonneur-de-recevoir-le-prix-de-la\/#primaryimage","url":"https:\/\/www.depistage-cancer.fr\/centre\/wp-content\/uploads\/2024\/11\/Trophee-collectivites.png","contentUrl":"https:\/\/www.depistage-cancer.fr\/centre\/wp-content\/uploads\/2024\/11\/Trophee-collectivites.png","width":1065,"height":924},{"@type":"BreadcrumbList","@id":"https:\/\/www.depistage-cancer.fr\/centre\/2024\/11\/25\/laction-soyez-acteur-de-votre-sante-portee-par-la-communaute-de-communes-des-collines-du-perche-et-organisee-par-la-msa-et-le-crcdc-cvl-a-eu-lhonneur-de-recevoir-le-prix-de-la\/#breadcrumb","itemListElement":[{"@type":"ListItem","position":1,"name":"Accueil","item":"https:\/\/www.depistage-cancer.fr\/centre\/"},{"@type":"ListItem","position":2,"name":"INCa-troph\u00e9e des collectivit\u00e9s 2024.\ud83c\udfc6"}]},{"@type":"WebSite","@id":"https:\/\/www.depistage-cancer.fr\/centre\/#website","url":"https:\/\/www.depistage-cancer.fr\/centre\/","name":"Centre de coordination Centre Val de Loire - D\u00e9pistage des cancers","description":"D\u00e9pister, c&#039;est prot\u00e9ger !","publisher":{"@id":"https:\/\/www.depistage-cancer.fr\/centre\/#organization"},"alternateName":"CRCDC Centre Val de Loire","potentialAction":[{"@type":"SearchAction","target":{"@type":"EntryPoint","urlTemplate":"https:\/\/www.depistage-cancer.fr\/centre\/?s={search_term_string}"},"query-input":{"@type":"PropertyValueSpecification","valueRequired":true,"valueName":"search_term_string"}}],"inLanguage":"fr-FR"},{"@type":"Organization","@id":"https:\/\/www.depistage-cancer.fr\/centre\/#organization","name":"Centre de coordination Centre Val de Loire - D\u00e9pistage des cancers","alternateName":"CRCDC Centre Val de Loire","url":"https:\/\/www.depistage-cancer.fr\/centre\/","logo":{"@type":"ImageObject","inLanguage":"fr-FR","@id":"https:\/\/www.depistage-cancer.fr\/centre\/#\/schema\/logo\/image\/","url":"https:\/\/www.depistage-cancer.fr\/centre\/wp-content\/uploads\/2024\/02\/logo-crcdc-cvl.webp","contentUrl":"https:\/\/www.depistage-cancer.fr\/centre\/wp-content\/uploads\/2024\/02\/logo-crcdc-cvl.webp","width":491,"height":238,"caption":"Centre de coordination Centre Val de Loire - D\u00e9pistage des cancers"},"image":{"@id":"https:\/\/www.depistage-cancer.fr\/centre\/#\/schema\/logo\/image\/"},"sameAs":["https:\/\/www.facebook.com\/Depistagedescancers.CVL","https:\/\/www.youtube.com\/@crcdccentre-valdeloire8386"]},{"@type":"Person","@id":"https:\/\/www.depistage-cancer.fr\/centre\/#\/schema\/person\/26d607438a9b03b9826d6666a95803a8","name":"Julie BOYARD","image":{"@type":"ImageObject","inLanguage":"fr-FR","@id":"https:\/\/secure.gravatar.com\/avatar\/caefebaa345147e5a3405c6d105cc3cb4ee453fbf573b47e8020eb3824f21524?s=96&d=mm&r=g","url":"https:\/\/secure.gravatar.com\/avatar\/caefebaa345147e5a3405c6d105cc3cb4ee453fbf573b47e8020eb3824f21524?s=96&d=mm&r=g","contentUrl":"https:\/\/secure.gravatar.com\/avatar\/caefebaa345147e5a3405c6d105cc3cb4ee453fbf573b47e8020eb3824f21524?s=96&d=mm&r=g","caption":"Julie BOYARD"},"url":"https:\/\/www.depistage-cancer.fr\/centre\/author\/j-boyard\/"}]}},"_links":{"self":[{"href":"https:\/\/www.depistage-cancer.fr\/centre\/wp-json\/wp\/v2\/posts\/3776","targetHints":{"allow":["GET"]}}],"collection":[{"href":"https:\/\/www.depistage-cancer.fr\/centre\/wp-json\/wp\/v2\/posts"}],"about":[{"href":"https:\/\/www.depistage-cancer.fr\/centre\/wp-json\/wp\/v2\/types\/post"}],"author":[{"embeddable":true,"href":"https:\/\/www.depistage-cancer.fr\/centre\/wp-json\/wp\/v2\/users\/4"}],"replies":[{"embeddable":true,"href":"https:\/\/www.depistage-cancer.fr\/centre\/wp-json\/wp\/v2\/comments?post=3776"}],"version-history":[{"count":9,"href":"https:\/\/www.depistage-cancer.fr\/centre\/wp-json\/wp\/v2\/posts\/3776\/revisions"}],"predecessor-version":[{"id":3806,"href":"https:\/\/www.depistage-cancer.fr\/centre\/wp-json\/wp\/v2\/posts\/3776\/revisions\/3806"}],"wp:featuredmedia":[{"embeddable":true,"href":"https:\/\/www.depistage-cancer.fr\/centre\/wp-json\/wp\/v2\/media\/3839"}],"wp:attachment":[{"href":"https:\/\/www.depistage-cancer.fr\/centre\/wp-json\/wp\/v2\/media?parent=3776"}],"wp:term":[{"taxonomy":"category","embeddable":true,"href":"https:\/\/www.depistage-cancer.fr\/centre\/wp-json\/wp\/v2\/categories?post=3776"},{"taxonomy":"post_tag","embeddable":true,"href":"https:\/\/www.depistage-cancer.fr\/centre\/wp-json\/wp\/v2\/tags?post=3776"}],"curies":[{"name":"wp","href":"https:\/\/api.w.org\/{rel}","templated":true}]}}