{"id":4117,"date":"2025-06-30T13:41:55","date_gmt":"2025-06-30T11:41:55","guid":{"rendered":"https:\/\/www.depistage-cancer.fr\/centre\/?p=4117"},"modified":"2025-06-30T13:42:17","modified_gmt":"2025-06-30T11:42:17","slug":"journee-frottis-a-chailles-41","status":"publish","type":"post","link":"https:\/\/www.depistage-cancer.fr\/centre\/2025\/06\/30\/journee-frottis-a-chailles-41\/","title":{"rendered":"Journ\u00e9e frottis \u00e0 CHAILLES (41)"},"content":{"rendered":"\n<p>Une journ\u00e9e d\u00e9di\u00e9e \u00e0 la femme et au d\u00e9pistage du cancer du col de l\u2019ut\u00e9rus est pr\u00e9vue pr\u00e8s de chez vous :&nbsp;<\/p>\n\n\n\n<ul class=\"wp-block-list\">\n<li>Date : Mercredi 17 septembre 2025<\/li>\n\n\n\n<li>Horaires :\u00a0 de 8h30 \u00e0 16h30<\/li>\n\n\n\n<li>Lieu : Maison m\u00e9dicale de Chailles (1 rue des Cormiers).<\/li>\n\n\n\n<li>Enti\u00e8rement gratuit, prise en charge \u00e0 100% par l\u2019Assurance maladie.<\/li>\n\n\n\n<li>Professionnel : sage-femme<\/li>\n<\/ul>\n\n\n\n<p>Pour b\u00e9n\u00e9ficier de ce d\u00e9pistage, il vous suffit de prendre rendez-vous au 07 66 15 46 94 (Du lundi au vendredi de 8h30 \u00e0 16h30).<\/p>\n\n\n\n<p><strong>Le d\u00e9pistage est recommand\u00e9 <\/strong>:<\/p>\n\n\n\n<ul class=\"wp-block-list\">\n<li>Tous les 3 ans pour les femmes de 25 \u00e0 29 ans (apr\u00e8s deux frottis normaux \u00e0 un an d\u2019intervalle)\u00a0<\/li>\n\n\n\n<li>Tous les 5 ans pour les femmes de 30 \u00e0 65 ans.<\/li>\n<\/ul>\n\n\n\n<figure class=\"wp-block-image size-large is-resized\"><img decoding=\"async\" width=\"768\" height=\"1024\" data-src=\"https:\/\/www.depistage-cancer.fr\/centre\/wp-content\/uploads\/2025\/06\/JOURNEE-FROTTIS-CHAILLES-768x1024.jpg\" alt=\"\" class=\"wp-image-4120 lazyload\" style=\"--smush-placeholder-width: 768px; --smush-placeholder-aspect-ratio: 768\/1024;width:840px;height:auto\" data-srcset=\"https:\/\/www.depistage-cancer.fr\/centre\/wp-content\/uploads\/2025\/06\/JOURNEE-FROTTIS-CHAILLES-768x1024.jpg 768w, https:\/\/www.depistage-cancer.fr\/centre\/wp-content\/uploads\/2025\/06\/JOURNEE-FROTTIS-CHAILLES-225x300.jpg 225w, https:\/\/www.depistage-cancer.fr\/centre\/wp-content\/uploads\/2025\/06\/JOURNEE-FROTTIS-CHAILLES-1152x1536.jpg 1152w, https:\/\/www.depistage-cancer.fr\/centre\/wp-content\/uploads\/2025\/06\/JOURNEE-FROTTIS-CHAILLES-1536x2048.jpg 1536w, https:\/\/www.depistage-cancer.fr\/centre\/wp-content\/uploads\/2025\/06\/JOURNEE-FROTTIS-CHAILLES-scaled.jpg 1920w\" data-sizes=\"(max-width: 768px) 100vw, 768px\" src=\"data:image\/svg+xml;base64,PHN2ZyB3aWR0aD0iMSIgaGVpZ2h0PSIxIiB4bWxucz0iaHR0cDovL3d3dy53My5vcmcvMjAwMC9zdmciPjwvc3ZnPg==\" \/><\/figure>\n\n\n\n<p><strong>Pourquoi participer ?&nbsp;<\/strong><\/p>\n\n\n\n<p>Un geste simple et rapide : un pr\u00e9l\u00e8vement au niveau de col de l\u2019ut\u00e9rus \u201cfrottis\u201d suffit pour d\u00e9tecter t\u00f4t d\u2019\u00e9ventuelles anomalies.<\/p>\n\n\n\n<p><strong>Et aussi pour les femmes de 50 \u00e0 74 ans :&nbsp;<\/strong><\/p>\n\n\n\n<ul class=\"wp-block-list\">\n<li>Accompagnement pour prendre rendez-vous pour votre mammographie.<\/li>\n\n\n\n<li>Point d\u2019information et orientation vers une remise de kit de d\u00e9pistage du cancer colorectal.<\/li>\n<\/ul>\n\n\n\n<p><strong>Prenez quelques minutes pour vous : la d\u00e9tection pr\u00e9coce sauve des vies !<\/strong><\/p>\n","protected":false},"excerpt":{"rendered":"<p>Une journ\u00e9e d\u00e9di\u00e9e \u00e0 la femme et au d\u00e9pistage du cancer du col de l\u2019ut\u00e9rus est pr\u00e9vue pr\u00e8s de chez vous :&nbsp; Pour b\u00e9n\u00e9ficier de ce d\u00e9pistage, il vous suffit [&hellip;]<\/p>\n","protected":false},"author":3,"featured_media":4118,"comment_status":"closed","ping_status":"closed","sticky":false,"template":"","format":"standard","meta":{"_acf_changed":false,"inline_featured_image":false,"footnotes":""},"categories":[30],"tags":[54,53,43,52,55],"class_list":["post-4117","post","type-post","status-publish","format-standard","has-post-thumbnail","hentry","category-grand-public","tag-chailles","tag-depistage","tag-depistage-cancer-du-col-de-luterus","tag-frottis","tag-prevention"],"acf":[],"yoast_head":"<!-- This site is optimized with the Yoast SEO plugin v27.4 - https:\/\/yoast.com\/product\/yoast-seo-wordpress\/ -->\n<title>Journ\u00e9e frottis \u00e0 CHAILLES (41) - Centre de coordination Centre Val de Loire - D\u00e9pistage des cancers<\/title>\n<meta name=\"robots\" content=\"index, follow, max-snippet:-1, max-image-preview:large, max-video-preview:-1\" \/>\n<link rel=\"canonical\" href=\"https:\/\/www.depistage-cancer.fr\/centre\/2025\/06\/30\/journee-frottis-a-chailles-41\/\" \/>\n<meta property=\"og:locale\" content=\"fr_FR\" \/>\n<meta property=\"og:type\" content=\"article\" \/>\n<meta property=\"og:title\" content=\"Journ\u00e9e frottis \u00e0 CHAILLES (41) - Centre de coordination Centre Val de Loire - D\u00e9pistage des cancers\" \/>\n<meta property=\"og:description\" content=\"Une journ\u00e9e d\u00e9di\u00e9e \u00e0 la femme et au d\u00e9pistage du cancer du col de l\u2019ut\u00e9rus est pr\u00e9vue pr\u00e8s de chez vous :&nbsp; Pour b\u00e9n\u00e9ficier de ce d\u00e9pistage, il vous suffit [&hellip;]\" \/>\n<meta property=\"og:url\" content=\"https:\/\/www.depistage-cancer.fr\/centre\/2025\/06\/30\/journee-frottis-a-chailles-41\/\" \/>\n<meta property=\"og:site_name\" content=\"Centre de coordination Centre Val de Loire - D\u00e9pistage des cancers\" \/>\n<meta property=\"article:publisher\" content=\"https:\/\/www.facebook.com\/Depistagedescancers.CVL\" \/>\n<meta property=\"article:published_time\" content=\"2025-06-30T11:41:55+00:00\" \/>\n<meta property=\"article:modified_time\" content=\"2025-06-30T11:42:17+00:00\" \/>\n<meta property=\"og:image\" content=\"https:\/\/www.depistage-cancer.fr\/centre\/wp-content\/uploads\/2025\/06\/ACTU-JOURNEE-FROTTIS-CHAILLES.png\" \/>\n\t<meta property=\"og:image:width\" content=\"620\" \/>\n\t<meta property=\"og:image:height\" content=\"360\" \/>\n\t<meta property=\"og:image:type\" content=\"image\/png\" \/>\n<meta name=\"author\" content=\"Karine VAILLANT\" \/>\n<meta name=\"twitter:card\" content=\"summary_large_image\" \/>\n<meta name=\"twitter:label1\" content=\"\u00c9crit par\" \/>\n\t<meta name=\"twitter:data1\" content=\"Karine VAILLANT\" \/>\n\t<meta name=\"twitter:label2\" content=\"Dur\u00e9e de lecture estim\u00e9e\" \/>\n\t<meta name=\"twitter:data2\" content=\"2 minutes\" \/>\n<script type=\"application\/ld+json\" class=\"yoast-schema-graph\">{\"@context\":\"https:\\\/\\\/schema.org\",\"@graph\":[{\"@type\":\"Article\",\"@id\":\"https:\\\/\\\/www.depistage-cancer.fr\\\/centre\\\/2025\\\/06\\\/30\\\/journee-frottis-a-chailles-41\\\/#article\",\"isPartOf\":{\"@id\":\"https:\\\/\\\/www.depistage-cancer.fr\\\/centre\\\/2025\\\/06\\\/30\\\/journee-frottis-a-chailles-41\\\/\"},\"author\":{\"name\":\"Karine VAILLANT\",\"@id\":\"https:\\\/\\\/www.depistage-cancer.fr\\\/centre\\\/#\\\/schema\\\/person\\\/ebcef65b71153405ce83cbfd232dba06\"},\"headline\":\"Journ\u00e9e frottis \u00e0 CHAILLES (41)\",\"datePublished\":\"2025-06-30T11:41:55+00:00\",\"dateModified\":\"2025-06-30T11:42:17+00:00\",\"mainEntityOfPage\":{\"@id\":\"https:\\\/\\\/www.depistage-cancer.fr\\\/centre\\\/2025\\\/06\\\/30\\\/journee-frottis-a-chailles-41\\\/\"},\"wordCount\":187,\"publisher\":{\"@id\":\"https:\\\/\\\/www.depistage-cancer.fr\\\/centre\\\/#organization\"},\"image\":{\"@id\":\"https:\\\/\\\/www.depistage-cancer.fr\\\/centre\\\/2025\\\/06\\\/30\\\/journee-frottis-a-chailles-41\\\/#primaryimage\"},\"thumbnailUrl\":\"https:\\\/\\\/www.depistage-cancer.fr\\\/centre\\\/wp-content\\\/uploads\\\/2025\\\/06\\\/ACTU-JOURNEE-FROTTIS-CHAILLES.png\",\"keywords\":[\"Chailles\",\"D\u00e9pistage\",\"d\u00e9pistage cancer du col de l'ut\u00e9rus\",\"Frottis\",\"Pr\u00e9vention\"],\"articleSection\":[\"Grand Public\"],\"inLanguage\":\"fr-FR\"},{\"@type\":\"WebPage\",\"@id\":\"https:\\\/\\\/www.depistage-cancer.fr\\\/centre\\\/2025\\\/06\\\/30\\\/journee-frottis-a-chailles-41\\\/\",\"url\":\"https:\\\/\\\/www.depistage-cancer.fr\\\/centre\\\/2025\\\/06\\\/30\\\/journee-frottis-a-chailles-41\\\/\",\"name\":\"Journ\u00e9e frottis \u00e0 CHAILLES (41) - Centre de coordination Centre Val de Loire - D\u00e9pistage des cancers\",\"isPartOf\":{\"@id\":\"https:\\\/\\\/www.depistage-cancer.fr\\\/centre\\\/#website\"},\"primaryImageOfPage\":{\"@id\":\"https:\\\/\\\/www.depistage-cancer.fr\\\/centre\\\/2025\\\/06\\\/30\\\/journee-frottis-a-chailles-41\\\/#primaryimage\"},\"image\":{\"@id\":\"https:\\\/\\\/www.depistage-cancer.fr\\\/centre\\\/2025\\\/06\\\/30\\\/journee-frottis-a-chailles-41\\\/#primaryimage\"},\"thumbnailUrl\":\"https:\\\/\\\/www.depistage-cancer.fr\\\/centre\\\/wp-content\\\/uploads\\\/2025\\\/06\\\/ACTU-JOURNEE-FROTTIS-CHAILLES.png\",\"datePublished\":\"2025-06-30T11:41:55+00:00\",\"dateModified\":\"2025-06-30T11:42:17+00:00\",\"breadcrumb\":{\"@id\":\"https:\\\/\\\/www.depistage-cancer.fr\\\/centre\\\/2025\\\/06\\\/30\\\/journee-frottis-a-chailles-41\\\/#breadcrumb\"},\"inLanguage\":\"fr-FR\",\"potentialAction\":[{\"@type\":\"ReadAction\",\"target\":[\"https:\\\/\\\/www.depistage-cancer.fr\\\/centre\\\/2025\\\/06\\\/30\\\/journee-frottis-a-chailles-41\\\/\"]}]},{\"@type\":\"ImageObject\",\"inLanguage\":\"fr-FR\",\"@id\":\"https:\\\/\\\/www.depistage-cancer.fr\\\/centre\\\/2025\\\/06\\\/30\\\/journee-frottis-a-chailles-41\\\/#primaryimage\",\"url\":\"https:\\\/\\\/www.depistage-cancer.fr\\\/centre\\\/wp-content\\\/uploads\\\/2025\\\/06\\\/ACTU-JOURNEE-FROTTIS-CHAILLES.png\",\"contentUrl\":\"https:\\\/\\\/www.depistage-cancer.fr\\\/centre\\\/wp-content\\\/uploads\\\/2025\\\/06\\\/ACTU-JOURNEE-FROTTIS-CHAILLES.png\",\"width\":620,\"height\":360},{\"@type\":\"BreadcrumbList\",\"@id\":\"https:\\\/\\\/www.depistage-cancer.fr\\\/centre\\\/2025\\\/06\\\/30\\\/journee-frottis-a-chailles-41\\\/#breadcrumb\",\"itemListElement\":[{\"@type\":\"ListItem\",\"position\":1,\"name\":\"Accueil\",\"item\":\"https:\\\/\\\/www.depistage-cancer.fr\\\/centre\\\/\"},{\"@type\":\"ListItem\",\"position\":2,\"name\":\"Journ\u00e9e frottis \u00e0 CHAILLES (41)\"}]},{\"@type\":\"WebSite\",\"@id\":\"https:\\\/\\\/www.depistage-cancer.fr\\\/centre\\\/#website\",\"url\":\"https:\\\/\\\/www.depistage-cancer.fr\\\/centre\\\/\",\"name\":\"Centre de coordination Centre Val de Loire - D\u00e9pistage des cancers\",\"description\":\"D\u00e9pister, c&#039;est prot\u00e9ger !\",\"publisher\":{\"@id\":\"https:\\\/\\\/www.depistage-cancer.fr\\\/centre\\\/#organization\"},\"alternateName\":\"CRCDC Centre Val de Loire\",\"potentialAction\":[{\"@type\":\"SearchAction\",\"target\":{\"@type\":\"EntryPoint\",\"urlTemplate\":\"https:\\\/\\\/www.depistage-cancer.fr\\\/centre\\\/?s={search_term_string}\"},\"query-input\":{\"@type\":\"PropertyValueSpecification\",\"valueRequired\":true,\"valueName\":\"search_term_string\"}}],\"inLanguage\":\"fr-FR\"},{\"@type\":\"Organization\",\"@id\":\"https:\\\/\\\/www.depistage-cancer.fr\\\/centre\\\/#organization\",\"name\":\"Centre de coordination Centre Val de Loire - D\u00e9pistage des cancers\",\"alternateName\":\"CRCDC Centre Val de Loire\",\"url\":\"https:\\\/\\\/www.depistage-cancer.fr\\\/centre\\\/\",\"logo\":{\"@type\":\"ImageObject\",\"inLanguage\":\"fr-FR\",\"@id\":\"https:\\\/\\\/www.depistage-cancer.fr\\\/centre\\\/#\\\/schema\\\/logo\\\/image\\\/\",\"url\":\"https:\\\/\\\/www.depistage-cancer.fr\\\/centre\\\/wp-content\\\/uploads\\\/2024\\\/02\\\/logo-crcdc-cvl.webp\",\"contentUrl\":\"https:\\\/\\\/www.depistage-cancer.fr\\\/centre\\\/wp-content\\\/uploads\\\/2024\\\/02\\\/logo-crcdc-cvl.webp\",\"width\":491,\"height\":238,\"caption\":\"Centre de coordination Centre Val de Loire - D\u00e9pistage des cancers\"},\"image\":{\"@id\":\"https:\\\/\\\/www.depistage-cancer.fr\\\/centre\\\/#\\\/schema\\\/logo\\\/image\\\/\"},\"sameAs\":[\"https:\\\/\\\/www.facebook.com\\\/Depistagedescancers.CVL\",\"https:\\\/\\\/www.youtube.com\\\/@crcdccentre-valdeloire8386\"]},{\"@type\":\"Person\",\"@id\":\"https:\\\/\\\/www.depistage-cancer.fr\\\/centre\\\/#\\\/schema\\\/person\\\/ebcef65b71153405ce83cbfd232dba06\",\"name\":\"Karine VAILLANT\",\"image\":{\"@type\":\"ImageObject\",\"inLanguage\":\"fr-FR\",\"@id\":\"https:\\\/\\\/secure.gravatar.com\\\/avatar\\\/cab6e614a498aa04122a01df57b74090b52f2bbe5e62a49d1123fe16b3ac776c?s=96&d=mm&r=g\",\"url\":\"https:\\\/\\\/secure.gravatar.com\\\/avatar\\\/cab6e614a498aa04122a01df57b74090b52f2bbe5e62a49d1123fe16b3ac776c?s=96&d=mm&r=g\",\"contentUrl\":\"https:\\\/\\\/secure.gravatar.com\\\/avatar\\\/cab6e614a498aa04122a01df57b74090b52f2bbe5e62a49d1123fe16b3ac776c?s=96&d=mm&r=g\",\"caption\":\"Karine VAILLANT\"},\"url\":\"https:\\\/\\\/www.depistage-cancer.fr\\\/centre\\\/author\\\/k-vaillant\\\/\"}]}<\/script>\n<!-- \/ Yoast SEO plugin. -->","yoast_head_json":{"title":"Journ\u00e9e frottis \u00e0 CHAILLES (41) - Centre de coordination Centre Val de Loire - D\u00e9pistage des cancers","robots":{"index":"index","follow":"follow","max-snippet":"max-snippet:-1","max-image-preview":"max-image-preview:large","max-video-preview":"max-video-preview:-1"},"canonical":"https:\/\/www.depistage-cancer.fr\/centre\/2025\/06\/30\/journee-frottis-a-chailles-41\/","og_locale":"fr_FR","og_type":"article","og_title":"Journ\u00e9e frottis \u00e0 CHAILLES (41) - Centre de coordination Centre Val de Loire - D\u00e9pistage des cancers","og_description":"Une journ\u00e9e d\u00e9di\u00e9e \u00e0 la femme et au d\u00e9pistage du cancer du col de l\u2019ut\u00e9rus est pr\u00e9vue pr\u00e8s de chez vous :&nbsp; Pour b\u00e9n\u00e9ficier de ce d\u00e9pistage, il vous suffit [&hellip;]","og_url":"https:\/\/www.depistage-cancer.fr\/centre\/2025\/06\/30\/journee-frottis-a-chailles-41\/","og_site_name":"Centre de coordination Centre Val de Loire - D\u00e9pistage des cancers","article_publisher":"https:\/\/www.facebook.com\/Depistagedescancers.CVL","article_published_time":"2025-06-30T11:41:55+00:00","article_modified_time":"2025-06-30T11:42:17+00:00","og_image":[{"width":620,"height":360,"url":"https:\/\/www.depistage-cancer.fr\/centre\/wp-content\/uploads\/2025\/06\/ACTU-JOURNEE-FROTTIS-CHAILLES.png","type":"image\/png"}],"author":"Karine VAILLANT","twitter_card":"summary_large_image","twitter_misc":{"\u00c9crit par":"Karine VAILLANT","Dur\u00e9e de lecture estim\u00e9e":"2 minutes"},"schema":{"@context":"https:\/\/schema.org","@graph":[{"@type":"Article","@id":"https:\/\/www.depistage-cancer.fr\/centre\/2025\/06\/30\/journee-frottis-a-chailles-41\/#article","isPartOf":{"@id":"https:\/\/www.depistage-cancer.fr\/centre\/2025\/06\/30\/journee-frottis-a-chailles-41\/"},"author":{"name":"Karine VAILLANT","@id":"https:\/\/www.depistage-cancer.fr\/centre\/#\/schema\/person\/ebcef65b71153405ce83cbfd232dba06"},"headline":"Journ\u00e9e frottis \u00e0 CHAILLES (41)","datePublished":"2025-06-30T11:41:55+00:00","dateModified":"2025-06-30T11:42:17+00:00","mainEntityOfPage":{"@id":"https:\/\/www.depistage-cancer.fr\/centre\/2025\/06\/30\/journee-frottis-a-chailles-41\/"},"wordCount":187,"publisher":{"@id":"https:\/\/www.depistage-cancer.fr\/centre\/#organization"},"image":{"@id":"https:\/\/www.depistage-cancer.fr\/centre\/2025\/06\/30\/journee-frottis-a-chailles-41\/#primaryimage"},"thumbnailUrl":"https:\/\/www.depistage-cancer.fr\/centre\/wp-content\/uploads\/2025\/06\/ACTU-JOURNEE-FROTTIS-CHAILLES.png","keywords":["Chailles","D\u00e9pistage","d\u00e9pistage cancer du col de l'ut\u00e9rus","Frottis","Pr\u00e9vention"],"articleSection":["Grand Public"],"inLanguage":"fr-FR"},{"@type":"WebPage","@id":"https:\/\/www.depistage-cancer.fr\/centre\/2025\/06\/30\/journee-frottis-a-chailles-41\/","url":"https:\/\/www.depistage-cancer.fr\/centre\/2025\/06\/30\/journee-frottis-a-chailles-41\/","name":"Journ\u00e9e frottis \u00e0 CHAILLES (41) - Centre de coordination Centre Val de Loire - D\u00e9pistage des cancers","isPartOf":{"@id":"https:\/\/www.depistage-cancer.fr\/centre\/#website"},"primaryImageOfPage":{"@id":"https:\/\/www.depistage-cancer.fr\/centre\/2025\/06\/30\/journee-frottis-a-chailles-41\/#primaryimage"},"image":{"@id":"https:\/\/www.depistage-cancer.fr\/centre\/2025\/06\/30\/journee-frottis-a-chailles-41\/#primaryimage"},"thumbnailUrl":"https:\/\/www.depistage-cancer.fr\/centre\/wp-content\/uploads\/2025\/06\/ACTU-JOURNEE-FROTTIS-CHAILLES.png","datePublished":"2025-06-30T11:41:55+00:00","dateModified":"2025-06-30T11:42:17+00:00","breadcrumb":{"@id":"https:\/\/www.depistage-cancer.fr\/centre\/2025\/06\/30\/journee-frottis-a-chailles-41\/#breadcrumb"},"inLanguage":"fr-FR","potentialAction":[{"@type":"ReadAction","target":["https:\/\/www.depistage-cancer.fr\/centre\/2025\/06\/30\/journee-frottis-a-chailles-41\/"]}]},{"@type":"ImageObject","inLanguage":"fr-FR","@id":"https:\/\/www.depistage-cancer.fr\/centre\/2025\/06\/30\/journee-frottis-a-chailles-41\/#primaryimage","url":"https:\/\/www.depistage-cancer.fr\/centre\/wp-content\/uploads\/2025\/06\/ACTU-JOURNEE-FROTTIS-CHAILLES.png","contentUrl":"https:\/\/www.depistage-cancer.fr\/centre\/wp-content\/uploads\/2025\/06\/ACTU-JOURNEE-FROTTIS-CHAILLES.png","width":620,"height":360},{"@type":"BreadcrumbList","@id":"https:\/\/www.depistage-cancer.fr\/centre\/2025\/06\/30\/journee-frottis-a-chailles-41\/#breadcrumb","itemListElement":[{"@type":"ListItem","position":1,"name":"Accueil","item":"https:\/\/www.depistage-cancer.fr\/centre\/"},{"@type":"ListItem","position":2,"name":"Journ\u00e9e frottis \u00e0 CHAILLES (41)"}]},{"@type":"WebSite","@id":"https:\/\/www.depistage-cancer.fr\/centre\/#website","url":"https:\/\/www.depistage-cancer.fr\/centre\/","name":"Centre de coordination Centre Val de Loire - D\u00e9pistage des cancers","description":"D\u00e9pister, c&#039;est prot\u00e9ger !","publisher":{"@id":"https:\/\/www.depistage-cancer.fr\/centre\/#organization"},"alternateName":"CRCDC Centre Val de Loire","potentialAction":[{"@type":"SearchAction","target":{"@type":"EntryPoint","urlTemplate":"https:\/\/www.depistage-cancer.fr\/centre\/?s={search_term_string}"},"query-input":{"@type":"PropertyValueSpecification","valueRequired":true,"valueName":"search_term_string"}}],"inLanguage":"fr-FR"},{"@type":"Organization","@id":"https:\/\/www.depistage-cancer.fr\/centre\/#organization","name":"Centre de coordination Centre Val de Loire - D\u00e9pistage des cancers","alternateName":"CRCDC Centre Val de Loire","url":"https:\/\/www.depistage-cancer.fr\/centre\/","logo":{"@type":"ImageObject","inLanguage":"fr-FR","@id":"https:\/\/www.depistage-cancer.fr\/centre\/#\/schema\/logo\/image\/","url":"https:\/\/www.depistage-cancer.fr\/centre\/wp-content\/uploads\/2024\/02\/logo-crcdc-cvl.webp","contentUrl":"https:\/\/www.depistage-cancer.fr\/centre\/wp-content\/uploads\/2024\/02\/logo-crcdc-cvl.webp","width":491,"height":238,"caption":"Centre de coordination Centre Val de Loire - D\u00e9pistage des cancers"},"image":{"@id":"https:\/\/www.depistage-cancer.fr\/centre\/#\/schema\/logo\/image\/"},"sameAs":["https:\/\/www.facebook.com\/Depistagedescancers.CVL","https:\/\/www.youtube.com\/@crcdccentre-valdeloire8386"]},{"@type":"Person","@id":"https:\/\/www.depistage-cancer.fr\/centre\/#\/schema\/person\/ebcef65b71153405ce83cbfd232dba06","name":"Karine VAILLANT","image":{"@type":"ImageObject","inLanguage":"fr-FR","@id":"https:\/\/secure.gravatar.com\/avatar\/cab6e614a498aa04122a01df57b74090b52f2bbe5e62a49d1123fe16b3ac776c?s=96&d=mm&r=g","url":"https:\/\/secure.gravatar.com\/avatar\/cab6e614a498aa04122a01df57b74090b52f2bbe5e62a49d1123fe16b3ac776c?s=96&d=mm&r=g","contentUrl":"https:\/\/secure.gravatar.com\/avatar\/cab6e614a498aa04122a01df57b74090b52f2bbe5e62a49d1123fe16b3ac776c?s=96&d=mm&r=g","caption":"Karine VAILLANT"},"url":"https:\/\/www.depistage-cancer.fr\/centre\/author\/k-vaillant\/"}]}},"_links":{"self":[{"href":"https:\/\/www.depistage-cancer.fr\/centre\/wp-json\/wp\/v2\/posts\/4117","targetHints":{"allow":["GET"]}}],"collection":[{"href":"https:\/\/www.depistage-cancer.fr\/centre\/wp-json\/wp\/v2\/posts"}],"about":[{"href":"https:\/\/www.depistage-cancer.fr\/centre\/wp-json\/wp\/v2\/types\/post"}],"author":[{"embeddable":true,"href":"https:\/\/www.depistage-cancer.fr\/centre\/wp-json\/wp\/v2\/users\/3"}],"replies":[{"embeddable":true,"href":"https:\/\/www.depistage-cancer.fr\/centre\/wp-json\/wp\/v2\/comments?post=4117"}],"version-history":[{"count":1,"href":"https:\/\/www.depistage-cancer.fr\/centre\/wp-json\/wp\/v2\/posts\/4117\/revisions"}],"predecessor-version":[{"id":4121,"href":"https:\/\/www.depistage-cancer.fr\/centre\/wp-json\/wp\/v2\/posts\/4117\/revisions\/4121"}],"wp:featuredmedia":[{"embeddable":true,"href":"https:\/\/www.depistage-cancer.fr\/centre\/wp-json\/wp\/v2\/media\/4118"}],"wp:attachment":[{"href":"https:\/\/www.depistage-cancer.fr\/centre\/wp-json\/wp\/v2\/media?parent=4117"}],"wp:term":[{"taxonomy":"category","embeddable":true,"href":"https:\/\/www.depistage-cancer.fr\/centre\/wp-json\/wp\/v2\/categories?post=4117"},{"taxonomy":"post_tag","embeddable":true,"href":"https:\/\/www.depistage-cancer.fr\/centre\/wp-json\/wp\/v2\/tags?post=4117"}],"curies":[{"name":"wp","href":"https:\/\/api.w.org\/{rel}","templated":true}]}}