{"id":4125,"date":"2025-07-03T11:38:55","date_gmt":"2025-07-03T09:38:55","guid":{"rendered":"https:\/\/www.depistage-cancer.fr\/centre\/?p=4125"},"modified":"2025-08-05T14:04:11","modified_gmt":"2025-08-05T12:04:11","slug":"forum-sante-a-moree-41","status":"publish","type":"post","link":"https:\/\/www.depistage-cancer.fr\/centre\/2025\/07\/03\/forum-sante-a-moree-41\/","title":{"rendered":"FORUM SANT\u00c9  A MOR\u00c9E (41)"},"content":{"rendered":"\n<h2 class=\"wp-block-heading\">Pr\u00e9vention &amp; D\u00e9pistage des cancers<\/h2>\n\n\n\n<p><strong>\u201cSOYEZ ACTEUR DE VOTRE SANT\u00c9\u201d<\/strong><strong>&nbsp;<\/strong><\/p>\n\n\n\n<p><strong>Samedi 20 septembre 2025 de 9h00 \u00e0 13h00<\/strong><\/p>\n\n\n\n<p>Salle des f\u00eates \u201cDaniel AVRAIN\u201d &#8211; All\u00e9e des Erables \u00e0 MOR\u00c9E (41160)<\/p>\n\n\n\n<p><strong>Un programme riche en actions, entr\u00e9e libre et gratuite pour tous !<\/strong><\/p>\n\n\n\n<p><strong>Consultations sur rendez-vous :<\/strong><\/p>\n\n\n\n<ul class=\"wp-block-list\">\n<li><strong>Sage-femme<\/strong>&nbsp;: r\u00e9alisation sur place d\u2019un frottis de d\u00e9pistage gratuit pour les femmes de 26 \u00e0 65 ans*<\/li>\n\n\n\n<li><strong>Entretien de pr\u00e9vention (diab\u00e8te et maladies cardio-vasculaires)<\/strong> : sevrage tabagique, d\u00e9pistage du diab\u00e8te et de l\u2019hypertension , etc.<\/li>\n\n\n\n<li><strong>Di\u00e9t\u00e9ticienne<\/strong> : conseils personnalis\u00e9s sur l&rsquo;alimentation.<\/li>\n<\/ul>\n\n\n\n<p><strong>Pour prendre rendez-vous<\/strong>&nbsp;: contacter le Centre R\u00e9gional de Coordination des D\u00e9pistages des Cancers (CRCDC-CVL) du lundi au vendredi, de 8h30 \u00e0 16h30 au 07.66.15.46.94.<\/p>\n\n\n<div class=\"wp-block-image\">\n<figure class=\"aligncenter size-large\"><img decoding=\"async\" width=\"730\" height=\"1024\" data-src=\"https:\/\/www.depistage-cancer.fr\/centre\/wp-content\/uploads\/2025\/07\/NOUVELLE_AFFICHE-Forums-sante-moree-730x1024.jpeg\" alt=\"\" class=\"wp-image-4210 lazyload\" data-srcset=\"https:\/\/www.depistage-cancer.fr\/centre\/wp-content\/uploads\/2025\/07\/NOUVELLE_AFFICHE-Forums-sante-moree-730x1024.jpeg 730w, https:\/\/www.depistage-cancer.fr\/centre\/wp-content\/uploads\/2025\/07\/NOUVELLE_AFFICHE-Forums-sante-moree-214x300.jpeg 214w, https:\/\/www.depistage-cancer.fr\/centre\/wp-content\/uploads\/2025\/07\/NOUVELLE_AFFICHE-Forums-sante-moree-768x1077.jpeg 768w, https:\/\/www.depistage-cancer.fr\/centre\/wp-content\/uploads\/2025\/07\/NOUVELLE_AFFICHE-Forums-sante-moree.jpeg 817w\" data-sizes=\"(max-width: 730px) 100vw, 730px\" src=\"data:image\/svg+xml;base64,PHN2ZyB3aWR0aD0iMSIgaGVpZ2h0PSIxIiB4bWxucz0iaHR0cDovL3d3dy53My5vcmcvMjAwMC9zdmciPjwvc3ZnPg==\" style=\"--smush-placeholder-width: 730px; --smush-placeholder-aspect-ratio: 730\/1024;\" \/><\/figure>\n<\/div>\n\n\n<p><strong>Acc\u00e8s libre (sans rendez-vous)&nbsp;:<\/strong><\/p>\n\n\n\n<ul class=\"wp-block-list\">\n<li><strong>Bilan personnalis\u00e9 \u00ab&nbsp;d\u00e9pistage des cancers&nbsp;\u00bb<\/strong>&nbsp;: accompagnement pour la prise de rendez-vous pour une mammographie de d\u00e9pistage et\/ou la remise d\u2019un kit de d\u00e9pistage du cancer colorectal.<\/li>\n\n\n\n<li><strong>Autres stands partenaires<\/strong>&nbsp;: informations et&nbsp; atelier d\u2019auto-surveillance des seins (Ligue contre le cancer), acc\u00e8s aux droits (CPAM et MSA), Pr\u00e9vention et PMI (Conseil D\u00e9partemental 41), pr\u00e9vention des addictions (OPPELIA VRS), Maison de Maurice, pr\u00e9vention des chutes, activit\u00e9 physique adapt\u00e9e, sant\u00e9 sexuelle (Centre Hospitalier Vend\u00f4me).<\/li>\n<\/ul>\n\n\n\n<p><strong>Ne manquez pas cette opportunit\u00e9 de faire le point sur votre sant\u00e9 avec des professionnels&nbsp;!&nbsp;<\/strong><\/p>\n","protected":false},"excerpt":{"rendered":"<p>Pr\u00e9vention &amp; D\u00e9pistage des cancers \u201cSOYEZ ACTEUR DE VOTRE SANT\u00c9\u201d&nbsp; Samedi 20 septembre 2025 de 9h00 \u00e0 13h00 Salle des f\u00eates \u201cDaniel AVRAIN\u201d &#8211; All\u00e9e des Erables \u00e0 MOR\u00c9E (41160) [&hellip;]<\/p>\n","protected":false},"author":3,"featured_media":4138,"comment_status":"closed","ping_status":"closed","sticky":false,"template":"","format":"standard","meta":{"_acf_changed":false,"inline_featured_image":false,"footnotes":""},"categories":[30],"tags":[41,53,51],"class_list":["post-4125","post","type-post","status-publish","format-standard","has-post-thumbnail","hentry","category-grand-public","tag-crcdc-centre-val-de-loire","tag-depistage","tag-depistage-organise"],"acf":[],"yoast_head":"<!-- This site is optimized with the Yoast SEO plugin v27.4 - https:\/\/yoast.com\/product\/yoast-seo-wordpress\/ -->\n<title>FORUM SANT\u00c9 A MOR\u00c9E (41) - Centre de coordination Centre Val de Loire - D\u00e9pistage des cancers<\/title>\n<meta name=\"robots\" content=\"index, follow, max-snippet:-1, max-image-preview:large, max-video-preview:-1\" \/>\n<link rel=\"canonical\" href=\"https:\/\/www.depistage-cancer.fr\/centre\/2025\/07\/03\/forum-sante-a-moree-41\/\" \/>\n<meta property=\"og:locale\" content=\"fr_FR\" \/>\n<meta property=\"og:type\" content=\"article\" \/>\n<meta property=\"og:title\" content=\"FORUM SANT\u00c9 A MOR\u00c9E (41) - Centre de coordination Centre Val de Loire - D\u00e9pistage des cancers\" \/>\n<meta property=\"og:description\" content=\"Pr\u00e9vention &amp; D\u00e9pistage des cancers \u201cSOYEZ ACTEUR DE VOTRE SANT\u00c9\u201d&nbsp; Samedi 20 septembre 2025 de 9h00 \u00e0 13h00 Salle des f\u00eates \u201cDaniel AVRAIN\u201d &#8211; All\u00e9e des Erables \u00e0 MOR\u00c9E (41160) [&hellip;]\" \/>\n<meta property=\"og:url\" content=\"https:\/\/www.depistage-cancer.fr\/centre\/2025\/07\/03\/forum-sante-a-moree-41\/\" \/>\n<meta property=\"og:site_name\" content=\"Centre de coordination Centre Val de Loire - D\u00e9pistage des cancers\" \/>\n<meta property=\"article:publisher\" content=\"https:\/\/www.facebook.com\/Depistagedescancers.CVL\" \/>\n<meta property=\"article:published_time\" content=\"2025-07-03T09:38:55+00:00\" \/>\n<meta property=\"article:modified_time\" content=\"2025-08-05T12:04:11+00:00\" \/>\n<meta property=\"og:image\" content=\"https:\/\/www.depistage-cancer.fr\/centre\/wp-content\/uploads\/2025\/07\/ACTU-FORUM-SANTE-MOREE-2025.png\" \/>\n\t<meta property=\"og:image:width\" content=\"620\" \/>\n\t<meta property=\"og:image:height\" content=\"360\" \/>\n\t<meta property=\"og:image:type\" content=\"image\/png\" \/>\n<meta name=\"author\" content=\"Karine VAILLANT\" \/>\n<meta name=\"twitter:card\" content=\"summary_large_image\" \/>\n<meta name=\"twitter:label1\" content=\"\u00c9crit par\" \/>\n\t<meta name=\"twitter:data1\" content=\"Karine VAILLANT\" \/>\n\t<meta name=\"twitter:label2\" content=\"Dur\u00e9e de lecture estim\u00e9e\" \/>\n\t<meta name=\"twitter:data2\" content=\"2 minutes\" \/>\n<script type=\"application\/ld+json\" class=\"yoast-schema-graph\">{\"@context\":\"https:\\\/\\\/schema.org\",\"@graph\":[{\"@type\":\"Article\",\"@id\":\"https:\\\/\\\/www.depistage-cancer.fr\\\/centre\\\/2025\\\/07\\\/03\\\/forum-sante-a-moree-41\\\/#article\",\"isPartOf\":{\"@id\":\"https:\\\/\\\/www.depistage-cancer.fr\\\/centre\\\/2025\\\/07\\\/03\\\/forum-sante-a-moree-41\\\/\"},\"author\":{\"name\":\"Karine VAILLANT\",\"@id\":\"https:\\\/\\\/www.depistage-cancer.fr\\\/centre\\\/#\\\/schema\\\/person\\\/ebcef65b71153405ce83cbfd232dba06\"},\"headline\":\"FORUM SANT\u00c9 A MOR\u00c9E (41)\",\"datePublished\":\"2025-07-03T09:38:55+00:00\",\"dateModified\":\"2025-08-05T12:04:11+00:00\",\"mainEntityOfPage\":{\"@id\":\"https:\\\/\\\/www.depistage-cancer.fr\\\/centre\\\/2025\\\/07\\\/03\\\/forum-sante-a-moree-41\\\/\"},\"wordCount\":233,\"publisher\":{\"@id\":\"https:\\\/\\\/www.depistage-cancer.fr\\\/centre\\\/#organization\"},\"image\":{\"@id\":\"https:\\\/\\\/www.depistage-cancer.fr\\\/centre\\\/2025\\\/07\\\/03\\\/forum-sante-a-moree-41\\\/#primaryimage\"},\"thumbnailUrl\":\"https:\\\/\\\/www.depistage-cancer.fr\\\/centre\\\/wp-content\\\/uploads\\\/2025\\\/07\\\/ACTU-FORUM-SANTE-MOREE-2025.png\",\"keywords\":[\"CRCDC Centre Val de Loire\",\"D\u00e9pistage\",\"D\u00e9pistage organis\u00e9\"],\"articleSection\":[\"Grand Public\"],\"inLanguage\":\"fr-FR\"},{\"@type\":\"WebPage\",\"@id\":\"https:\\\/\\\/www.depistage-cancer.fr\\\/centre\\\/2025\\\/07\\\/03\\\/forum-sante-a-moree-41\\\/\",\"url\":\"https:\\\/\\\/www.depistage-cancer.fr\\\/centre\\\/2025\\\/07\\\/03\\\/forum-sante-a-moree-41\\\/\",\"name\":\"FORUM SANT\u00c9 A MOR\u00c9E (41) - Centre de coordination Centre Val de Loire - D\u00e9pistage des cancers\",\"isPartOf\":{\"@id\":\"https:\\\/\\\/www.depistage-cancer.fr\\\/centre\\\/#website\"},\"primaryImageOfPage\":{\"@id\":\"https:\\\/\\\/www.depistage-cancer.fr\\\/centre\\\/2025\\\/07\\\/03\\\/forum-sante-a-moree-41\\\/#primaryimage\"},\"image\":{\"@id\":\"https:\\\/\\\/www.depistage-cancer.fr\\\/centre\\\/2025\\\/07\\\/03\\\/forum-sante-a-moree-41\\\/#primaryimage\"},\"thumbnailUrl\":\"https:\\\/\\\/www.depistage-cancer.fr\\\/centre\\\/wp-content\\\/uploads\\\/2025\\\/07\\\/ACTU-FORUM-SANTE-MOREE-2025.png\",\"datePublished\":\"2025-07-03T09:38:55+00:00\",\"dateModified\":\"2025-08-05T12:04:11+00:00\",\"breadcrumb\":{\"@id\":\"https:\\\/\\\/www.depistage-cancer.fr\\\/centre\\\/2025\\\/07\\\/03\\\/forum-sante-a-moree-41\\\/#breadcrumb\"},\"inLanguage\":\"fr-FR\",\"potentialAction\":[{\"@type\":\"ReadAction\",\"target\":[\"https:\\\/\\\/www.depistage-cancer.fr\\\/centre\\\/2025\\\/07\\\/03\\\/forum-sante-a-moree-41\\\/\"]}]},{\"@type\":\"ImageObject\",\"inLanguage\":\"fr-FR\",\"@id\":\"https:\\\/\\\/www.depistage-cancer.fr\\\/centre\\\/2025\\\/07\\\/03\\\/forum-sante-a-moree-41\\\/#primaryimage\",\"url\":\"https:\\\/\\\/www.depistage-cancer.fr\\\/centre\\\/wp-content\\\/uploads\\\/2025\\\/07\\\/ACTU-FORUM-SANTE-MOREE-2025.png\",\"contentUrl\":\"https:\\\/\\\/www.depistage-cancer.fr\\\/centre\\\/wp-content\\\/uploads\\\/2025\\\/07\\\/ACTU-FORUM-SANTE-MOREE-2025.png\",\"width\":620,\"height\":360},{\"@type\":\"BreadcrumbList\",\"@id\":\"https:\\\/\\\/www.depistage-cancer.fr\\\/centre\\\/2025\\\/07\\\/03\\\/forum-sante-a-moree-41\\\/#breadcrumb\",\"itemListElement\":[{\"@type\":\"ListItem\",\"position\":1,\"name\":\"Accueil\",\"item\":\"https:\\\/\\\/www.depistage-cancer.fr\\\/centre\\\/\"},{\"@type\":\"ListItem\",\"position\":2,\"name\":\"FORUM SANT\u00c9 A MOR\u00c9E (41)\"}]},{\"@type\":\"WebSite\",\"@id\":\"https:\\\/\\\/www.depistage-cancer.fr\\\/centre\\\/#website\",\"url\":\"https:\\\/\\\/www.depistage-cancer.fr\\\/centre\\\/\",\"name\":\"Centre de coordination Centre Val de Loire - D\u00e9pistage des cancers\",\"description\":\"D\u00e9pister, c&#039;est prot\u00e9ger !\",\"publisher\":{\"@id\":\"https:\\\/\\\/www.depistage-cancer.fr\\\/centre\\\/#organization\"},\"alternateName\":\"CRCDC Centre Val de Loire\",\"potentialAction\":[{\"@type\":\"SearchAction\",\"target\":{\"@type\":\"EntryPoint\",\"urlTemplate\":\"https:\\\/\\\/www.depistage-cancer.fr\\\/centre\\\/?s={search_term_string}\"},\"query-input\":{\"@type\":\"PropertyValueSpecification\",\"valueRequired\":true,\"valueName\":\"search_term_string\"}}],\"inLanguage\":\"fr-FR\"},{\"@type\":\"Organization\",\"@id\":\"https:\\\/\\\/www.depistage-cancer.fr\\\/centre\\\/#organization\",\"name\":\"Centre de coordination Centre Val de Loire - D\u00e9pistage des cancers\",\"alternateName\":\"CRCDC Centre Val de Loire\",\"url\":\"https:\\\/\\\/www.depistage-cancer.fr\\\/centre\\\/\",\"logo\":{\"@type\":\"ImageObject\",\"inLanguage\":\"fr-FR\",\"@id\":\"https:\\\/\\\/www.depistage-cancer.fr\\\/centre\\\/#\\\/schema\\\/logo\\\/image\\\/\",\"url\":\"https:\\\/\\\/www.depistage-cancer.fr\\\/centre\\\/wp-content\\\/uploads\\\/2024\\\/02\\\/logo-crcdc-cvl.webp\",\"contentUrl\":\"https:\\\/\\\/www.depistage-cancer.fr\\\/centre\\\/wp-content\\\/uploads\\\/2024\\\/02\\\/logo-crcdc-cvl.webp\",\"width\":491,\"height\":238,\"caption\":\"Centre de coordination Centre Val de Loire - D\u00e9pistage des cancers\"},\"image\":{\"@id\":\"https:\\\/\\\/www.depistage-cancer.fr\\\/centre\\\/#\\\/schema\\\/logo\\\/image\\\/\"},\"sameAs\":[\"https:\\\/\\\/www.facebook.com\\\/Depistagedescancers.CVL\",\"https:\\\/\\\/www.youtube.com\\\/@crcdccentre-valdeloire8386\"]},{\"@type\":\"Person\",\"@id\":\"https:\\\/\\\/www.depistage-cancer.fr\\\/centre\\\/#\\\/schema\\\/person\\\/ebcef65b71153405ce83cbfd232dba06\",\"name\":\"Karine VAILLANT\",\"image\":{\"@type\":\"ImageObject\",\"inLanguage\":\"fr-FR\",\"@id\":\"https:\\\/\\\/secure.gravatar.com\\\/avatar\\\/cab6e614a498aa04122a01df57b74090b52f2bbe5e62a49d1123fe16b3ac776c?s=96&d=mm&r=g\",\"url\":\"https:\\\/\\\/secure.gravatar.com\\\/avatar\\\/cab6e614a498aa04122a01df57b74090b52f2bbe5e62a49d1123fe16b3ac776c?s=96&d=mm&r=g\",\"contentUrl\":\"https:\\\/\\\/secure.gravatar.com\\\/avatar\\\/cab6e614a498aa04122a01df57b74090b52f2bbe5e62a49d1123fe16b3ac776c?s=96&d=mm&r=g\",\"caption\":\"Karine VAILLANT\"},\"url\":\"https:\\\/\\\/www.depistage-cancer.fr\\\/centre\\\/author\\\/k-vaillant\\\/\"}]}<\/script>\n<!-- \/ Yoast SEO plugin. -->","yoast_head_json":{"title":"FORUM SANT\u00c9 A MOR\u00c9E (41) - Centre de coordination Centre Val de Loire - D\u00e9pistage des cancers","robots":{"index":"index","follow":"follow","max-snippet":"max-snippet:-1","max-image-preview":"max-image-preview:large","max-video-preview":"max-video-preview:-1"},"canonical":"https:\/\/www.depistage-cancer.fr\/centre\/2025\/07\/03\/forum-sante-a-moree-41\/","og_locale":"fr_FR","og_type":"article","og_title":"FORUM SANT\u00c9 A MOR\u00c9E (41) - Centre de coordination Centre Val de Loire - D\u00e9pistage des cancers","og_description":"Pr\u00e9vention &amp; D\u00e9pistage des cancers \u201cSOYEZ ACTEUR DE VOTRE SANT\u00c9\u201d&nbsp; Samedi 20 septembre 2025 de 9h00 \u00e0 13h00 Salle des f\u00eates \u201cDaniel AVRAIN\u201d &#8211; All\u00e9e des Erables \u00e0 MOR\u00c9E (41160) [&hellip;]","og_url":"https:\/\/www.depistage-cancer.fr\/centre\/2025\/07\/03\/forum-sante-a-moree-41\/","og_site_name":"Centre de coordination Centre Val de Loire - D\u00e9pistage des cancers","article_publisher":"https:\/\/www.facebook.com\/Depistagedescancers.CVL","article_published_time":"2025-07-03T09:38:55+00:00","article_modified_time":"2025-08-05T12:04:11+00:00","og_image":[{"width":620,"height":360,"url":"https:\/\/www.depistage-cancer.fr\/centre\/wp-content\/uploads\/2025\/07\/ACTU-FORUM-SANTE-MOREE-2025.png","type":"image\/png"}],"author":"Karine VAILLANT","twitter_card":"summary_large_image","twitter_misc":{"\u00c9crit par":"Karine VAILLANT","Dur\u00e9e de lecture estim\u00e9e":"2 minutes"},"schema":{"@context":"https:\/\/schema.org","@graph":[{"@type":"Article","@id":"https:\/\/www.depistage-cancer.fr\/centre\/2025\/07\/03\/forum-sante-a-moree-41\/#article","isPartOf":{"@id":"https:\/\/www.depistage-cancer.fr\/centre\/2025\/07\/03\/forum-sante-a-moree-41\/"},"author":{"name":"Karine VAILLANT","@id":"https:\/\/www.depistage-cancer.fr\/centre\/#\/schema\/person\/ebcef65b71153405ce83cbfd232dba06"},"headline":"FORUM SANT\u00c9 A MOR\u00c9E (41)","datePublished":"2025-07-03T09:38:55+00:00","dateModified":"2025-08-05T12:04:11+00:00","mainEntityOfPage":{"@id":"https:\/\/www.depistage-cancer.fr\/centre\/2025\/07\/03\/forum-sante-a-moree-41\/"},"wordCount":233,"publisher":{"@id":"https:\/\/www.depistage-cancer.fr\/centre\/#organization"},"image":{"@id":"https:\/\/www.depistage-cancer.fr\/centre\/2025\/07\/03\/forum-sante-a-moree-41\/#primaryimage"},"thumbnailUrl":"https:\/\/www.depistage-cancer.fr\/centre\/wp-content\/uploads\/2025\/07\/ACTU-FORUM-SANTE-MOREE-2025.png","keywords":["CRCDC Centre Val de Loire","D\u00e9pistage","D\u00e9pistage organis\u00e9"],"articleSection":["Grand Public"],"inLanguage":"fr-FR"},{"@type":"WebPage","@id":"https:\/\/www.depistage-cancer.fr\/centre\/2025\/07\/03\/forum-sante-a-moree-41\/","url":"https:\/\/www.depistage-cancer.fr\/centre\/2025\/07\/03\/forum-sante-a-moree-41\/","name":"FORUM SANT\u00c9 A MOR\u00c9E (41) - Centre de coordination Centre Val de Loire - D\u00e9pistage des cancers","isPartOf":{"@id":"https:\/\/www.depistage-cancer.fr\/centre\/#website"},"primaryImageOfPage":{"@id":"https:\/\/www.depistage-cancer.fr\/centre\/2025\/07\/03\/forum-sante-a-moree-41\/#primaryimage"},"image":{"@id":"https:\/\/www.depistage-cancer.fr\/centre\/2025\/07\/03\/forum-sante-a-moree-41\/#primaryimage"},"thumbnailUrl":"https:\/\/www.depistage-cancer.fr\/centre\/wp-content\/uploads\/2025\/07\/ACTU-FORUM-SANTE-MOREE-2025.png","datePublished":"2025-07-03T09:38:55+00:00","dateModified":"2025-08-05T12:04:11+00:00","breadcrumb":{"@id":"https:\/\/www.depistage-cancer.fr\/centre\/2025\/07\/03\/forum-sante-a-moree-41\/#breadcrumb"},"inLanguage":"fr-FR","potentialAction":[{"@type":"ReadAction","target":["https:\/\/www.depistage-cancer.fr\/centre\/2025\/07\/03\/forum-sante-a-moree-41\/"]}]},{"@type":"ImageObject","inLanguage":"fr-FR","@id":"https:\/\/www.depistage-cancer.fr\/centre\/2025\/07\/03\/forum-sante-a-moree-41\/#primaryimage","url":"https:\/\/www.depistage-cancer.fr\/centre\/wp-content\/uploads\/2025\/07\/ACTU-FORUM-SANTE-MOREE-2025.png","contentUrl":"https:\/\/www.depistage-cancer.fr\/centre\/wp-content\/uploads\/2025\/07\/ACTU-FORUM-SANTE-MOREE-2025.png","width":620,"height":360},{"@type":"BreadcrumbList","@id":"https:\/\/www.depistage-cancer.fr\/centre\/2025\/07\/03\/forum-sante-a-moree-41\/#breadcrumb","itemListElement":[{"@type":"ListItem","position":1,"name":"Accueil","item":"https:\/\/www.depistage-cancer.fr\/centre\/"},{"@type":"ListItem","position":2,"name":"FORUM SANT\u00c9 A MOR\u00c9E (41)"}]},{"@type":"WebSite","@id":"https:\/\/www.depistage-cancer.fr\/centre\/#website","url":"https:\/\/www.depistage-cancer.fr\/centre\/","name":"Centre de coordination Centre Val de Loire - D\u00e9pistage des cancers","description":"D\u00e9pister, c&#039;est prot\u00e9ger !","publisher":{"@id":"https:\/\/www.depistage-cancer.fr\/centre\/#organization"},"alternateName":"CRCDC Centre Val de Loire","potentialAction":[{"@type":"SearchAction","target":{"@type":"EntryPoint","urlTemplate":"https:\/\/www.depistage-cancer.fr\/centre\/?s={search_term_string}"},"query-input":{"@type":"PropertyValueSpecification","valueRequired":true,"valueName":"search_term_string"}}],"inLanguage":"fr-FR"},{"@type":"Organization","@id":"https:\/\/www.depistage-cancer.fr\/centre\/#organization","name":"Centre de coordination Centre Val de Loire - D\u00e9pistage des cancers","alternateName":"CRCDC Centre Val de Loire","url":"https:\/\/www.depistage-cancer.fr\/centre\/","logo":{"@type":"ImageObject","inLanguage":"fr-FR","@id":"https:\/\/www.depistage-cancer.fr\/centre\/#\/schema\/logo\/image\/","url":"https:\/\/www.depistage-cancer.fr\/centre\/wp-content\/uploads\/2024\/02\/logo-crcdc-cvl.webp","contentUrl":"https:\/\/www.depistage-cancer.fr\/centre\/wp-content\/uploads\/2024\/02\/logo-crcdc-cvl.webp","width":491,"height":238,"caption":"Centre de coordination Centre Val de Loire - D\u00e9pistage des cancers"},"image":{"@id":"https:\/\/www.depistage-cancer.fr\/centre\/#\/schema\/logo\/image\/"},"sameAs":["https:\/\/www.facebook.com\/Depistagedescancers.CVL","https:\/\/www.youtube.com\/@crcdccentre-valdeloire8386"]},{"@type":"Person","@id":"https:\/\/www.depistage-cancer.fr\/centre\/#\/schema\/person\/ebcef65b71153405ce83cbfd232dba06","name":"Karine VAILLANT","image":{"@type":"ImageObject","inLanguage":"fr-FR","@id":"https:\/\/secure.gravatar.com\/avatar\/cab6e614a498aa04122a01df57b74090b52f2bbe5e62a49d1123fe16b3ac776c?s=96&d=mm&r=g","url":"https:\/\/secure.gravatar.com\/avatar\/cab6e614a498aa04122a01df57b74090b52f2bbe5e62a49d1123fe16b3ac776c?s=96&d=mm&r=g","contentUrl":"https:\/\/secure.gravatar.com\/avatar\/cab6e614a498aa04122a01df57b74090b52f2bbe5e62a49d1123fe16b3ac776c?s=96&d=mm&r=g","caption":"Karine VAILLANT"},"url":"https:\/\/www.depistage-cancer.fr\/centre\/author\/k-vaillant\/"}]}},"_links":{"self":[{"href":"https:\/\/www.depistage-cancer.fr\/centre\/wp-json\/wp\/v2\/posts\/4125","targetHints":{"allow":["GET"]}}],"collection":[{"href":"https:\/\/www.depistage-cancer.fr\/centre\/wp-json\/wp\/v2\/posts"}],"about":[{"href":"https:\/\/www.depistage-cancer.fr\/centre\/wp-json\/wp\/v2\/types\/post"}],"author":[{"embeddable":true,"href":"https:\/\/www.depistage-cancer.fr\/centre\/wp-json\/wp\/v2\/users\/3"}],"replies":[{"embeddable":true,"href":"https:\/\/www.depistage-cancer.fr\/centre\/wp-json\/wp\/v2\/comments?post=4125"}],"version-history":[{"count":2,"href":"https:\/\/www.depistage-cancer.fr\/centre\/wp-json\/wp\/v2\/posts\/4125\/revisions"}],"predecessor-version":[{"id":4211,"href":"https:\/\/www.depistage-cancer.fr\/centre\/wp-json\/wp\/v2\/posts\/4125\/revisions\/4211"}],"wp:featuredmedia":[{"embeddable":true,"href":"https:\/\/www.depistage-cancer.fr\/centre\/wp-json\/wp\/v2\/media\/4138"}],"wp:attachment":[{"href":"https:\/\/www.depistage-cancer.fr\/centre\/wp-json\/wp\/v2\/media?parent=4125"}],"wp:term":[{"taxonomy":"category","embeddable":true,"href":"https:\/\/www.depistage-cancer.fr\/centre\/wp-json\/wp\/v2\/categories?post=4125"},{"taxonomy":"post_tag","embeddable":true,"href":"https:\/\/www.depistage-cancer.fr\/centre\/wp-json\/wp\/v2\/tags?post=4125"}],"curies":[{"name":"wp","href":"https:\/\/api.w.org\/{rel}","templated":true}]}}