{"id":4289,"date":"2025-09-24T15:27:49","date_gmt":"2025-09-24T13:27:49","guid":{"rendered":"https:\/\/www.depistage-cancer.fr\/centre\/?p=4289"},"modified":"2025-09-25T14:10:05","modified_gmt":"2025-09-25T12:10:05","slug":"octobre-rose-2025-la-mobilisation-regionale-en-partenariat-avec-le-crcdc-cvl","status":"publish","type":"post","link":"https:\/\/www.depistage-cancer.fr\/centre\/2025\/09\/24\/octobre-rose-2025-la-mobilisation-regionale-en-partenariat-avec-le-crcdc-cvl\/","title":{"rendered":"Octobre rose 2025 : la mobilisation r\u00e9gionale en partenariat avec le CRCDC-CVL"},"content":{"rendered":"\n<figure class=\"wp-block-table is-style-regular\"><table><tbody><tr><td>D\u00e9partement du CHER (18)<\/td><td><strong>=&gt;<\/strong> <strong>Jeudi 9 octobre &#8211;<\/strong> Octobre rose \u00e0 la Clinique des Graineti\u00e8res \u00e0 Saint-Amand Montrond <br><strong>=&gt; Vendredi 10 octobre<\/strong> &#8211; Journ\u00e9e de la femme \u00e0 l&rsquo;EVARS de Bourges : stand, proposition de frottis sur place avec ou sans rendez-vous. <a href=\"https:\/\/drive.google.com\/file\/d\/1MQiZZK7kK26xG8c6qwbexUo8jt1-UHHD\/view?usp=drive_link\">Plus d&rsquo;infos ici<\/a><\/td><\/tr><tr><td>D\u00e9partement d&rsquo;EURE-ET-LOIR (28)<\/td><td><strong>=&gt; Jeudi 2 octobre <\/strong>&#8211; Octobre rose au Centre hospitalier Louis Pasteur \u00e0 Coudray : stand d&rsquo;information. <a href=\"https:\/\/drive.google.com\/file\/d\/1OBQj-VOox1YZaECWVKS7R5ogn2TSxVmr\/view?usp=drive_link\">Plus d&rsquo;infos ici<\/a> <br><strong>=&gt;<\/strong> <strong>Samedi 4 octobre<\/strong> &#8211; Centre commercial E.Leclerc \u00e0 Nogent le Rotrou : stand d&rsquo;information. <a href=\"https:\/\/drive.google.com\/file\/d\/1uycgsQWgSKol2oh5kQXk9F5pQA6xVtnT\/view?usp=drive_link\">Plus d&rsquo;infos ici<\/a><br><strong>=&gt; Lundi 6 octobre<\/strong> &#8211; Salon des Aidants \u00e0 Bailleau Le Pin : stand d&rsquo;information. <a href=\"https:\/\/drive.google.com\/file\/d\/1Lughpt8QnRa_EfntvnS9rqMZy7RniJCf\/view?usp=drive_link\">Plus d&rsquo;infos ici<\/a><br><strong>=&gt; Mardi 7 octobre<\/strong> &#8211; Les villages Voveens \u00e0 la MSP de Voves : ateliers et stand d&rsquo;information <br><strong>=&gt;Samedi 11 octobre<\/strong> &#8211; Stands et marche solidaire \u00e0 l&rsquo;espace Florent d&rsquo;Illiers Combray \u00e0 partir de 13h30. <a href=\"https:\/\/drive.google.com\/file\/d\/1vFjua1htCe0odM8ll8q9RVkGOqjuMFW0\/view?usp=drive_link\">Plus d&rsquo;infos ici<\/a><br><strong>=&gt; Mardi 14 octobre<\/strong> &#8211; Octobre rose au centre du Haut Venay : ateliers &amp; rendez-vous individuel pour les d\u00e9pistages des cancers<\/td><\/tr><tr><td>D\u00e9partement de l&rsquo;INDRE (36)<\/td><td><strong>=> Jeudi 2 octobre<\/strong> &#8211; Cin\u00e9 d\u00e9bat \u00e0 la Ch\u00e2tre \u00e0 partir de 19h00 : stand d&rsquo;information. <a href=\"https:\/\/drive.google.com\/file\/d\/1Yk0tLoN5tfoqaRUNBm4O0JbQnM9FpsML\/view?usp=drive_link\">Plus d&rsquo;infos ici<\/a><br><strong>=> Samedi 4 octobre<\/strong> &#8211; Octobre rose \u00e0 Buzan\u00e7ais (Place de la Mairie) de 9h00 \u00e0 12h00 : animation, stands avec des professionnels de sant\u00e9. Ouvert \u00e0 tous. <a href=\"https:\/\/drive.google.com\/file\/d\/1ASGDX2RWk9HfNntO0DZ-VzUBBz3QuKS-\/view?usp=drive_link\">Plus d&rsquo;infos ici<\/a> <br><strong>=> Mardi 7 octobre<\/strong> &#8211; Le Bistrot&rsquo;Sism \u00e0 Giroux (Salle des f\u00eates) de 10h00 \u00e0 16h00 :\u00a0 information en sant\u00e9. <a href=\"https:\/\/drive.google.com\/file\/d\/1NMf34PaAm1HbRTnoI-M6dbwLsRgKeTs4\/view?usp=drive_link\">Plus d&rsquo;infos ici<\/a> <br><strong>=> Samedi 11 octobre<\/strong> &#8211; Conf\u00e9rence Octobre rose \u00e0 Pont-Chr\u00e9tien (Salle des f\u00eates) : th\u00e8mes pr\u00e9vention, d\u00e9pistage, nutrition et soins de support. <a href=\"https:\/\/drive.google.com\/file\/d\/1nQzVkW6zfgGwiCyLVo0qbbL71kptwRvd\/view?usp=drive_link\">Plus d&rsquo;infos ici<\/a><br><strong>=> Mardi 14 octobre<\/strong> &#8211; Le Bistrot&rsquo;Sism \u00e0 Guilly (Salle polyvalente) de 10h00 \u00e0 16h00 : Information en sant\u00e9. <a href=\"https:\/\/drive.google.com\/file\/d\/1UDcNLy-xvT030H0ZyFMJBShobiuA04lJ\/view?usp=drive_link\">Plus d&rsquo;infos ici<\/a> <br><strong>=> Jeudi 23 octobre<\/strong> &#8211; Simplement femme \u00e0 Levroux (Locaux de France services) : pr\u00e9vention octobre rose. <a href=\"https:\/\/drive.google.com\/file\/d\/1Q6TLZEFwRRW0yKsw7qg8ToMbdxcQ61rK\/view?usp=drive_link\">Plus d&rsquo;infos ici<\/a><\/td><\/tr><tr><td>D\u00e9partement de l&rsquo;INDRE-ET-LOIRE (37)<\/td><td><strong>=&gt; Vendredi 3 octobre<\/strong> &#8211; Octobre rose au Centre social Plurielles, quartier du Sanitas \u00e0 Tours de 14h00 \u00e0 18h00 : animations et sensibilisations. <a href=\"https:\/\/drive.google.com\/file\/d\/1C-HvZdg5TW7tWzlQJujXdf8nXh2ycBaS\/view?usp=drive_link\">Plus d&rsquo;infos ici<\/a> <br><strong>=&gt; Mardi 7 octobre<\/strong> de 13h30 \u00e0 18h00 &amp; <strong>jeudi 16 octobre <\/strong>de 9h00 \u00e0 12h00 au Forum Europe : stand d&rsquo;information &amp; rendez-vous individuel pour les d\u00e9pistages des cancers (sur inscription). <a href=\"https:\/\/drive.google.com\/file\/d\/1dLJb6Moh_oglqOlpHdB73IJg_WHWXOkx\/view?usp=drive_link\">Plus d&rsquo;infos ici<\/a> <br><strong>=&gt; Dimanche 12 octobre &#8211;<\/strong> Marche rose \u00e0 partir de 9h00 au d\u00e9part du Domaine de Cang\u00e9 \u00e0 Saint-Avertin. <br><strong>=&gt; Mercredi 15 octobre<\/strong> &#8211; Village sant\u00e9 CPAM \u00e0 la salle des f\u00eates de Saint-Pierre des Corps de 10h00 \u00e0 18h00 : stand et rendez-vous individuel pour les d\u00e9pistages des cancers. <a href=\"https:\/\/drive.google.com\/file\/d\/1huzirpN4_9FpuAk37JjSOEyBb3ZQqjMZ\/view?usp=drive_link\">Plus d&rsquo;infos ici<\/a><\/td><\/tr><tr><td>D\u00e9partement du LOIR-ET-CHER (41)<\/td><td><strong>=&gt; Mardi 30 septembre<\/strong> &#8211; Journ\u00e9e pr\u00e9vention et d\u00e9pistage des cancers \u00e0 la Maison France services de Contres de 9h30 \u00e0 17h00 : rendez-vous pr\u00e9vention et pour les examens de d\u00e9pistages. <a href=\"https:\/\/drive.google.com\/file\/d\/1L4PyVfpwCGQb4CfKDAFInBkl3UtOCEXh\/view?usp=drive_link\">Plus d&rsquo;infos ici<\/a> <br><strong>=&gt; Samedi 4 octobre<\/strong> &#8211; Octobre rose au gymnase du coll\u00e8ge de Vineuil, par la Maison de sant\u00e9 du Cosson \u00e0 Vineuil de 9h00 \u00e0 12h00 : stands, ateliers , conf\u00e9rences et rendez-vous pour les examens de d\u00e9pistages. <a href=\"https:\/\/drive.google.com\/file\/d\/1jlDLqqUZHimM134f_KrPk8qWxBYMuXqC\/view?usp=drive_link\">Plus d&rsquo;infos ici<\/a> <br><strong>=&gt; Dimanche 5 octobre <\/strong>&#8211; Marche rose au d\u00e9part du Centre social la Chrysalide \u00e0 Vineuil \u00e0 partir de 8h30. <a href=\"https:\/\/drive.google.com\/file\/d\/1JWj-dYx38GV376U1CUhPL6O5CuCbtpJy\/view?usp=drive_link\">Plus d&rsquo;infos ici<\/a> <br><strong>=&gt; Jeudi 9 octobre<\/strong> &#8211; Octobre rose au Centre hospitalier Simone Veil \u00e0 Blois de 10h00 \u00e0 16h00 : stands, ateliers relaxation et animations. <a href=\"https:\/\/drive.google.com\/file\/d\/10CM4RjGzPw8V8zw1mGSEWa2INcIo79h9\/view?usp=drive_link\">Plus d&rsquo;infos ici<\/a> <br><strong>=&gt; Mercredi 29 octobre<\/strong> &#8211; Forum sant\u00e9 \u00ab\u00a0Pr\u00e9vention et d\u00e9pistage des cancers\u00a0\u00bb \u00e0 la Communaut\u00e9 de communes du Grand Chambord \u00e0 Bracieux : stands, rendez-vous pour les examens de d\u00e9pistages. <a href=\"https:\/\/drive.google.com\/file\/d\/1562-khd9SYvDNOnB-NZ6OcNsgi1X6qc-\/view?usp=drive_link\">Plus d&rsquo;infos ici<\/a><\/td><\/tr><tr><td>D\u00e9partement du LOIRET (45)<\/td><td><strong>=> Samedi 4 octobre<\/strong> &#8211; Journ\u00e9e frottis au P\u00f4le sant\u00e9 de la Fert\u00e9 St-Aubin, de 9h30 \u00e0 15h00. <a href=\"https:\/\/drive.google.com\/file\/d\/1-vS-YVzmG19BHK7vQ_7GUO9M05rNt0tC\/view?usp=drive_link\">Plus d&rsquo;info ici <\/a><br><strong>=> Samedi 11 octobre<\/strong> &#8211; Rendez-vous sant\u00e9 de la femme au Centre m\u00e9dical de la Femme du G\u00e2tinais \u00e0 Montargis : rendez-vous pour les examens de d\u00e9pistages <br><strong>=> Du lundi 13 au vendredi 17 octobre<\/strong> &#8211; Semaine de la sant\u00e9 au CCAS d&rsquo;Orl\u00e9ans : information et rendez-vous individuel pour les d\u00e9pistages des cancers. <a href=\"https:\/\/drive.google.com\/file\/d\/1tG7BN3NQVaytG4ljGUHmkWKeLkaLrXUc\/view?usp=drive_link\">Plus d&rsquo;infos ici<\/a> <br><strong>=> Mardi 14 octobre <\/strong>&#8211; Journ\u00e9e sant\u00e9 \u00e0 la Maison pour Tous Nord \u00e0 Saint Jean de la Ruelle de 12h00 \u00e0 18h30 : information et rendez-vous individuel pour les d\u00e9pistages des cancers. <a href=\"https:\/\/drive.google.com\/file\/d\/1BzW9B_JVMhVWpiAU4dG39XBdJr_2qbe_\/view?usp=drive_link\">Plus d&rsquo;infos ici <\/a> <br><strong>=> Mercredi 15 octobre<\/strong> &#8211; Journ\u00e9e sant\u00e9 \u00e0 la Maison pour Tous Sud \u00e0 Saint Jean de la Ruelle de 12h00 \u00e0 18h30 : information et rendez-vous individuel pour les d\u00e9pistages des cancers. <a href=\"https:\/\/drive.google.com\/file\/d\/1g1o142VhsQU2ThAJ4o2cNCSisxqw628v\/view?usp=drive_link\">Plus d&rsquo;infos ici <\/a><br><strong>=> Vendredi 17 octobre<\/strong> &#8211; Octobre rose au Centre hospitalier de Gien de 9h00 \u00e0 16h00 : stands. <a href=\"https:\/\/drive.google.com\/file\/d\/1ylinSIA37lDSaZYLSn0uGsQNxanOnu9R\/view?usp=drive_link\">Plus d&rsquo;infos ici <\/a><br><strong>=> Samedi 25 octobre<\/strong> &#8211; Octobre rose \u00e0 Saran au th\u00e9\u00e2tre municipal \u00e0 18h30 : spectacle et d\u00e9bat. <a href=\"https:\/\/drive.google.com\/file\/d\/1JFcbZmb-ckL-vArcp36j0hTQuao49O2b\/view?usp=drive_link\">Plus d&rsquo;infos ici<\/a><\/td><\/tr><\/tbody><\/table><\/figure>\n","protected":false},"excerpt":{"rendered":"<p>D\u00e9partement du CHER (18) =&gt; Jeudi 9 octobre &#8211; Octobre rose \u00e0 la Clinique des Graineti\u00e8res \u00e0 Saint-Amand Montrond =&gt; Vendredi 10 octobre &#8211; Journ\u00e9e de la femme \u00e0 l&rsquo;EVARS [&hellip;]<\/p>\n","protected":false},"author":3,"featured_media":4290,"comment_status":"closed","ping_status":"closed","sticky":false,"template":"","format":"standard","meta":{"_acf_changed":false,"inline_featured_image":false,"footnotes":""},"categories":[30],"tags":[59,51,57,58,37,55],"class_list":["post-4289","post","type-post","status-publish","format-standard","has-post-thumbnail","hentry","category-grand-public","tag-cancer-du-sein","tag-depistage-organise","tag-grand-public","tag-mammographie","tag-octobre-rose","tag-prevention"],"acf":[],"yoast_head":"<!-- This site is optimized with the Yoast SEO plugin v27.4 - https:\/\/yoast.com\/product\/yoast-seo-wordpress\/ -->\n<title>Octobre rose 2025 : la mobilisation r\u00e9gionale en partenariat avec le CRCDC-CVL - Centre de coordination Centre Val de Loire - D\u00e9pistage des cancers<\/title>\n<meta name=\"robots\" content=\"index, follow, max-snippet:-1, max-image-preview:large, max-video-preview:-1\" \/>\n<link rel=\"canonical\" href=\"https:\/\/www.depistage-cancer.fr\/centre\/2025\/09\/24\/octobre-rose-2025-la-mobilisation-regionale-en-partenariat-avec-le-crcdc-cvl\/\" \/>\n<meta property=\"og:locale\" content=\"fr_FR\" \/>\n<meta property=\"og:type\" content=\"article\" \/>\n<meta property=\"og:title\" content=\"Octobre rose 2025 : la mobilisation r\u00e9gionale en partenariat avec le CRCDC-CVL - Centre de coordination Centre Val de Loire - D\u00e9pistage des cancers\" \/>\n<meta property=\"og:description\" content=\"D\u00e9partement du CHER (18) =&gt; Jeudi 9 octobre &#8211; Octobre rose \u00e0 la Clinique des Graineti\u00e8res \u00e0 Saint-Amand Montrond =&gt; Vendredi 10 octobre &#8211; Journ\u00e9e de la femme \u00e0 l&rsquo;EVARS [&hellip;]\" \/>\n<meta property=\"og:url\" content=\"https:\/\/www.depistage-cancer.fr\/centre\/2025\/09\/24\/octobre-rose-2025-la-mobilisation-regionale-en-partenariat-avec-le-crcdc-cvl\/\" \/>\n<meta property=\"og:site_name\" content=\"Centre de coordination Centre Val de Loire - D\u00e9pistage des cancers\" \/>\n<meta property=\"article:publisher\" content=\"https:\/\/www.facebook.com\/Depistagedescancers.CVL\" \/>\n<meta property=\"article:published_time\" content=\"2025-09-24T13:27:49+00:00\" \/>\n<meta property=\"article:modified_time\" content=\"2025-09-25T12:10:05+00:00\" \/>\n<meta property=\"og:image\" content=\"https:\/\/www.depistage-cancer.fr\/centre\/wp-content\/uploads\/2025\/09\/RDV-OR-2025-SITE-INTERNET.png\" \/>\n\t<meta property=\"og:image:width\" content=\"620\" \/>\n\t<meta property=\"og:image:height\" content=\"360\" \/>\n\t<meta property=\"og:image:type\" content=\"image\/png\" \/>\n<meta name=\"author\" content=\"Karine VAILLANT\" \/>\n<meta name=\"twitter:card\" content=\"summary_large_image\" \/>\n<meta name=\"twitter:label1\" content=\"\u00c9crit par\" \/>\n\t<meta name=\"twitter:data1\" content=\"Karine VAILLANT\" \/>\n\t<meta name=\"twitter:label2\" content=\"Dur\u00e9e de lecture estim\u00e9e\" \/>\n\t<meta name=\"twitter:data2\" content=\"4 minutes\" \/>\n<script type=\"application\/ld+json\" class=\"yoast-schema-graph\">{\"@context\":\"https:\\\/\\\/schema.org\",\"@graph\":[{\"@type\":\"Article\",\"@id\":\"https:\\\/\\\/www.depistage-cancer.fr\\\/centre\\\/2025\\\/09\\\/24\\\/octobre-rose-2025-la-mobilisation-regionale-en-partenariat-avec-le-crcdc-cvl\\\/#article\",\"isPartOf\":{\"@id\":\"https:\\\/\\\/www.depistage-cancer.fr\\\/centre\\\/2025\\\/09\\\/24\\\/octobre-rose-2025-la-mobilisation-regionale-en-partenariat-avec-le-crcdc-cvl\\\/\"},\"author\":{\"name\":\"Karine VAILLANT\",\"@id\":\"https:\\\/\\\/www.depistage-cancer.fr\\\/centre\\\/#\\\/schema\\\/person\\\/ebcef65b71153405ce83cbfd232dba06\"},\"headline\":\"Octobre rose 2025 : la mobilisation r\u00e9gionale en partenariat avec le CRCDC-CVL\",\"datePublished\":\"2025-09-24T13:27:49+00:00\",\"dateModified\":\"2025-09-25T12:10:05+00:00\",\"mainEntityOfPage\":{\"@id\":\"https:\\\/\\\/www.depistage-cancer.fr\\\/centre\\\/2025\\\/09\\\/24\\\/octobre-rose-2025-la-mobilisation-regionale-en-partenariat-avec-le-crcdc-cvl\\\/\"},\"wordCount\":722,\"publisher\":{\"@id\":\"https:\\\/\\\/www.depistage-cancer.fr\\\/centre\\\/#organization\"},\"image\":{\"@id\":\"https:\\\/\\\/www.depistage-cancer.fr\\\/centre\\\/2025\\\/09\\\/24\\\/octobre-rose-2025-la-mobilisation-regionale-en-partenariat-avec-le-crcdc-cvl\\\/#primaryimage\"},\"thumbnailUrl\":\"https:\\\/\\\/www.depistage-cancer.fr\\\/centre\\\/wp-content\\\/uploads\\\/2025\\\/09\\\/RDV-OR-2025-SITE-INTERNET.png\",\"keywords\":[\"cancer du sein\",\"D\u00e9pistage organis\u00e9\",\"Grand public\",\"Mammographie\",\"octobre rose\",\"Pr\u00e9vention\"],\"articleSection\":[\"Grand Public\"],\"inLanguage\":\"fr-FR\"},{\"@type\":\"WebPage\",\"@id\":\"https:\\\/\\\/www.depistage-cancer.fr\\\/centre\\\/2025\\\/09\\\/24\\\/octobre-rose-2025-la-mobilisation-regionale-en-partenariat-avec-le-crcdc-cvl\\\/\",\"url\":\"https:\\\/\\\/www.depistage-cancer.fr\\\/centre\\\/2025\\\/09\\\/24\\\/octobre-rose-2025-la-mobilisation-regionale-en-partenariat-avec-le-crcdc-cvl\\\/\",\"name\":\"Octobre rose 2025 : la mobilisation r\u00e9gionale en partenariat avec le CRCDC-CVL - Centre de coordination Centre Val de Loire - D\u00e9pistage des cancers\",\"isPartOf\":{\"@id\":\"https:\\\/\\\/www.depistage-cancer.fr\\\/centre\\\/#website\"},\"primaryImageOfPage\":{\"@id\":\"https:\\\/\\\/www.depistage-cancer.fr\\\/centre\\\/2025\\\/09\\\/24\\\/octobre-rose-2025-la-mobilisation-regionale-en-partenariat-avec-le-crcdc-cvl\\\/#primaryimage\"},\"image\":{\"@id\":\"https:\\\/\\\/www.depistage-cancer.fr\\\/centre\\\/2025\\\/09\\\/24\\\/octobre-rose-2025-la-mobilisation-regionale-en-partenariat-avec-le-crcdc-cvl\\\/#primaryimage\"},\"thumbnailUrl\":\"https:\\\/\\\/www.depistage-cancer.fr\\\/centre\\\/wp-content\\\/uploads\\\/2025\\\/09\\\/RDV-OR-2025-SITE-INTERNET.png\",\"datePublished\":\"2025-09-24T13:27:49+00:00\",\"dateModified\":\"2025-09-25T12:10:05+00:00\",\"breadcrumb\":{\"@id\":\"https:\\\/\\\/www.depistage-cancer.fr\\\/centre\\\/2025\\\/09\\\/24\\\/octobre-rose-2025-la-mobilisation-regionale-en-partenariat-avec-le-crcdc-cvl\\\/#breadcrumb\"},\"inLanguage\":\"fr-FR\",\"potentialAction\":[{\"@type\":\"ReadAction\",\"target\":[\"https:\\\/\\\/www.depistage-cancer.fr\\\/centre\\\/2025\\\/09\\\/24\\\/octobre-rose-2025-la-mobilisation-regionale-en-partenariat-avec-le-crcdc-cvl\\\/\"]}]},{\"@type\":\"ImageObject\",\"inLanguage\":\"fr-FR\",\"@id\":\"https:\\\/\\\/www.depistage-cancer.fr\\\/centre\\\/2025\\\/09\\\/24\\\/octobre-rose-2025-la-mobilisation-regionale-en-partenariat-avec-le-crcdc-cvl\\\/#primaryimage\",\"url\":\"https:\\\/\\\/www.depistage-cancer.fr\\\/centre\\\/wp-content\\\/uploads\\\/2025\\\/09\\\/RDV-OR-2025-SITE-INTERNET.png\",\"contentUrl\":\"https:\\\/\\\/www.depistage-cancer.fr\\\/centre\\\/wp-content\\\/uploads\\\/2025\\\/09\\\/RDV-OR-2025-SITE-INTERNET.png\",\"width\":620,\"height\":360},{\"@type\":\"BreadcrumbList\",\"@id\":\"https:\\\/\\\/www.depistage-cancer.fr\\\/centre\\\/2025\\\/09\\\/24\\\/octobre-rose-2025-la-mobilisation-regionale-en-partenariat-avec-le-crcdc-cvl\\\/#breadcrumb\",\"itemListElement\":[{\"@type\":\"ListItem\",\"position\":1,\"name\":\"Accueil\",\"item\":\"https:\\\/\\\/www.depistage-cancer.fr\\\/centre\\\/\"},{\"@type\":\"ListItem\",\"position\":2,\"name\":\"Octobre rose 2025 : la mobilisation r\u00e9gionale en partenariat avec le CRCDC-CVL\"}]},{\"@type\":\"WebSite\",\"@id\":\"https:\\\/\\\/www.depistage-cancer.fr\\\/centre\\\/#website\",\"url\":\"https:\\\/\\\/www.depistage-cancer.fr\\\/centre\\\/\",\"name\":\"Centre de coordination Centre Val de Loire - D\u00e9pistage des cancers\",\"description\":\"D\u00e9pister, c&#039;est prot\u00e9ger !\",\"publisher\":{\"@id\":\"https:\\\/\\\/www.depistage-cancer.fr\\\/centre\\\/#organization\"},\"alternateName\":\"CRCDC Centre Val de Loire\",\"potentialAction\":[{\"@type\":\"SearchAction\",\"target\":{\"@type\":\"EntryPoint\",\"urlTemplate\":\"https:\\\/\\\/www.depistage-cancer.fr\\\/centre\\\/?s={search_term_string}\"},\"query-input\":{\"@type\":\"PropertyValueSpecification\",\"valueRequired\":true,\"valueName\":\"search_term_string\"}}],\"inLanguage\":\"fr-FR\"},{\"@type\":\"Organization\",\"@id\":\"https:\\\/\\\/www.depistage-cancer.fr\\\/centre\\\/#organization\",\"name\":\"Centre de coordination Centre Val de Loire - D\u00e9pistage des cancers\",\"alternateName\":\"CRCDC Centre Val de Loire\",\"url\":\"https:\\\/\\\/www.depistage-cancer.fr\\\/centre\\\/\",\"logo\":{\"@type\":\"ImageObject\",\"inLanguage\":\"fr-FR\",\"@id\":\"https:\\\/\\\/www.depistage-cancer.fr\\\/centre\\\/#\\\/schema\\\/logo\\\/image\\\/\",\"url\":\"https:\\\/\\\/www.depistage-cancer.fr\\\/centre\\\/wp-content\\\/uploads\\\/2024\\\/02\\\/logo-crcdc-cvl.webp\",\"contentUrl\":\"https:\\\/\\\/www.depistage-cancer.fr\\\/centre\\\/wp-content\\\/uploads\\\/2024\\\/02\\\/logo-crcdc-cvl.webp\",\"width\":491,\"height\":238,\"caption\":\"Centre de coordination Centre Val de Loire - D\u00e9pistage des cancers\"},\"image\":{\"@id\":\"https:\\\/\\\/www.depistage-cancer.fr\\\/centre\\\/#\\\/schema\\\/logo\\\/image\\\/\"},\"sameAs\":[\"https:\\\/\\\/www.facebook.com\\\/Depistagedescancers.CVL\",\"https:\\\/\\\/www.youtube.com\\\/@crcdccentre-valdeloire8386\"]},{\"@type\":\"Person\",\"@id\":\"https:\\\/\\\/www.depistage-cancer.fr\\\/centre\\\/#\\\/schema\\\/person\\\/ebcef65b71153405ce83cbfd232dba06\",\"name\":\"Karine VAILLANT\",\"image\":{\"@type\":\"ImageObject\",\"inLanguage\":\"fr-FR\",\"@id\":\"https:\\\/\\\/secure.gravatar.com\\\/avatar\\\/cab6e614a498aa04122a01df57b74090b52f2bbe5e62a49d1123fe16b3ac776c?s=96&d=mm&r=g\",\"url\":\"https:\\\/\\\/secure.gravatar.com\\\/avatar\\\/cab6e614a498aa04122a01df57b74090b52f2bbe5e62a49d1123fe16b3ac776c?s=96&d=mm&r=g\",\"contentUrl\":\"https:\\\/\\\/secure.gravatar.com\\\/avatar\\\/cab6e614a498aa04122a01df57b74090b52f2bbe5e62a49d1123fe16b3ac776c?s=96&d=mm&r=g\",\"caption\":\"Karine VAILLANT\"},\"url\":\"https:\\\/\\\/www.depistage-cancer.fr\\\/centre\\\/author\\\/k-vaillant\\\/\"}]}<\/script>\n<!-- \/ Yoast SEO plugin. -->","yoast_head_json":{"title":"Octobre rose 2025 : la mobilisation r\u00e9gionale en partenariat avec le CRCDC-CVL - Centre de coordination Centre Val de Loire - D\u00e9pistage des cancers","robots":{"index":"index","follow":"follow","max-snippet":"max-snippet:-1","max-image-preview":"max-image-preview:large","max-video-preview":"max-video-preview:-1"},"canonical":"https:\/\/www.depistage-cancer.fr\/centre\/2025\/09\/24\/octobre-rose-2025-la-mobilisation-regionale-en-partenariat-avec-le-crcdc-cvl\/","og_locale":"fr_FR","og_type":"article","og_title":"Octobre rose 2025 : la mobilisation r\u00e9gionale en partenariat avec le CRCDC-CVL - Centre de coordination Centre Val de Loire - D\u00e9pistage des cancers","og_description":"D\u00e9partement du CHER (18) =&gt; Jeudi 9 octobre &#8211; Octobre rose \u00e0 la Clinique des Graineti\u00e8res \u00e0 Saint-Amand Montrond =&gt; Vendredi 10 octobre &#8211; Journ\u00e9e de la femme \u00e0 l&rsquo;EVARS [&hellip;]","og_url":"https:\/\/www.depistage-cancer.fr\/centre\/2025\/09\/24\/octobre-rose-2025-la-mobilisation-regionale-en-partenariat-avec-le-crcdc-cvl\/","og_site_name":"Centre de coordination Centre Val de Loire - D\u00e9pistage des cancers","article_publisher":"https:\/\/www.facebook.com\/Depistagedescancers.CVL","article_published_time":"2025-09-24T13:27:49+00:00","article_modified_time":"2025-09-25T12:10:05+00:00","og_image":[{"width":620,"height":360,"url":"https:\/\/www.depistage-cancer.fr\/centre\/wp-content\/uploads\/2025\/09\/RDV-OR-2025-SITE-INTERNET.png","type":"image\/png"}],"author":"Karine VAILLANT","twitter_card":"summary_large_image","twitter_misc":{"\u00c9crit par":"Karine VAILLANT","Dur\u00e9e de lecture estim\u00e9e":"4 minutes"},"schema":{"@context":"https:\/\/schema.org","@graph":[{"@type":"Article","@id":"https:\/\/www.depistage-cancer.fr\/centre\/2025\/09\/24\/octobre-rose-2025-la-mobilisation-regionale-en-partenariat-avec-le-crcdc-cvl\/#article","isPartOf":{"@id":"https:\/\/www.depistage-cancer.fr\/centre\/2025\/09\/24\/octobre-rose-2025-la-mobilisation-regionale-en-partenariat-avec-le-crcdc-cvl\/"},"author":{"name":"Karine VAILLANT","@id":"https:\/\/www.depistage-cancer.fr\/centre\/#\/schema\/person\/ebcef65b71153405ce83cbfd232dba06"},"headline":"Octobre rose 2025 : la mobilisation r\u00e9gionale en partenariat avec le CRCDC-CVL","datePublished":"2025-09-24T13:27:49+00:00","dateModified":"2025-09-25T12:10:05+00:00","mainEntityOfPage":{"@id":"https:\/\/www.depistage-cancer.fr\/centre\/2025\/09\/24\/octobre-rose-2025-la-mobilisation-regionale-en-partenariat-avec-le-crcdc-cvl\/"},"wordCount":722,"publisher":{"@id":"https:\/\/www.depistage-cancer.fr\/centre\/#organization"},"image":{"@id":"https:\/\/www.depistage-cancer.fr\/centre\/2025\/09\/24\/octobre-rose-2025-la-mobilisation-regionale-en-partenariat-avec-le-crcdc-cvl\/#primaryimage"},"thumbnailUrl":"https:\/\/www.depistage-cancer.fr\/centre\/wp-content\/uploads\/2025\/09\/RDV-OR-2025-SITE-INTERNET.png","keywords":["cancer du sein","D\u00e9pistage organis\u00e9","Grand public","Mammographie","octobre rose","Pr\u00e9vention"],"articleSection":["Grand Public"],"inLanguage":"fr-FR"},{"@type":"WebPage","@id":"https:\/\/www.depistage-cancer.fr\/centre\/2025\/09\/24\/octobre-rose-2025-la-mobilisation-regionale-en-partenariat-avec-le-crcdc-cvl\/","url":"https:\/\/www.depistage-cancer.fr\/centre\/2025\/09\/24\/octobre-rose-2025-la-mobilisation-regionale-en-partenariat-avec-le-crcdc-cvl\/","name":"Octobre rose 2025 : la mobilisation r\u00e9gionale en partenariat avec le CRCDC-CVL - Centre de coordination Centre Val de Loire - D\u00e9pistage des cancers","isPartOf":{"@id":"https:\/\/www.depistage-cancer.fr\/centre\/#website"},"primaryImageOfPage":{"@id":"https:\/\/www.depistage-cancer.fr\/centre\/2025\/09\/24\/octobre-rose-2025-la-mobilisation-regionale-en-partenariat-avec-le-crcdc-cvl\/#primaryimage"},"image":{"@id":"https:\/\/www.depistage-cancer.fr\/centre\/2025\/09\/24\/octobre-rose-2025-la-mobilisation-regionale-en-partenariat-avec-le-crcdc-cvl\/#primaryimage"},"thumbnailUrl":"https:\/\/www.depistage-cancer.fr\/centre\/wp-content\/uploads\/2025\/09\/RDV-OR-2025-SITE-INTERNET.png","datePublished":"2025-09-24T13:27:49+00:00","dateModified":"2025-09-25T12:10:05+00:00","breadcrumb":{"@id":"https:\/\/www.depistage-cancer.fr\/centre\/2025\/09\/24\/octobre-rose-2025-la-mobilisation-regionale-en-partenariat-avec-le-crcdc-cvl\/#breadcrumb"},"inLanguage":"fr-FR","potentialAction":[{"@type":"ReadAction","target":["https:\/\/www.depistage-cancer.fr\/centre\/2025\/09\/24\/octobre-rose-2025-la-mobilisation-regionale-en-partenariat-avec-le-crcdc-cvl\/"]}]},{"@type":"ImageObject","inLanguage":"fr-FR","@id":"https:\/\/www.depistage-cancer.fr\/centre\/2025\/09\/24\/octobre-rose-2025-la-mobilisation-regionale-en-partenariat-avec-le-crcdc-cvl\/#primaryimage","url":"https:\/\/www.depistage-cancer.fr\/centre\/wp-content\/uploads\/2025\/09\/RDV-OR-2025-SITE-INTERNET.png","contentUrl":"https:\/\/www.depistage-cancer.fr\/centre\/wp-content\/uploads\/2025\/09\/RDV-OR-2025-SITE-INTERNET.png","width":620,"height":360},{"@type":"BreadcrumbList","@id":"https:\/\/www.depistage-cancer.fr\/centre\/2025\/09\/24\/octobre-rose-2025-la-mobilisation-regionale-en-partenariat-avec-le-crcdc-cvl\/#breadcrumb","itemListElement":[{"@type":"ListItem","position":1,"name":"Accueil","item":"https:\/\/www.depistage-cancer.fr\/centre\/"},{"@type":"ListItem","position":2,"name":"Octobre rose 2025 : la mobilisation r\u00e9gionale en partenariat avec le CRCDC-CVL"}]},{"@type":"WebSite","@id":"https:\/\/www.depistage-cancer.fr\/centre\/#website","url":"https:\/\/www.depistage-cancer.fr\/centre\/","name":"Centre de coordination Centre Val de Loire - D\u00e9pistage des cancers","description":"D\u00e9pister, c&#039;est prot\u00e9ger !","publisher":{"@id":"https:\/\/www.depistage-cancer.fr\/centre\/#organization"},"alternateName":"CRCDC Centre Val de Loire","potentialAction":[{"@type":"SearchAction","target":{"@type":"EntryPoint","urlTemplate":"https:\/\/www.depistage-cancer.fr\/centre\/?s={search_term_string}"},"query-input":{"@type":"PropertyValueSpecification","valueRequired":true,"valueName":"search_term_string"}}],"inLanguage":"fr-FR"},{"@type":"Organization","@id":"https:\/\/www.depistage-cancer.fr\/centre\/#organization","name":"Centre de coordination Centre Val de Loire - D\u00e9pistage des cancers","alternateName":"CRCDC Centre Val de Loire","url":"https:\/\/www.depistage-cancer.fr\/centre\/","logo":{"@type":"ImageObject","inLanguage":"fr-FR","@id":"https:\/\/www.depistage-cancer.fr\/centre\/#\/schema\/logo\/image\/","url":"https:\/\/www.depistage-cancer.fr\/centre\/wp-content\/uploads\/2024\/02\/logo-crcdc-cvl.webp","contentUrl":"https:\/\/www.depistage-cancer.fr\/centre\/wp-content\/uploads\/2024\/02\/logo-crcdc-cvl.webp","width":491,"height":238,"caption":"Centre de coordination Centre Val de Loire - D\u00e9pistage des cancers"},"image":{"@id":"https:\/\/www.depistage-cancer.fr\/centre\/#\/schema\/logo\/image\/"},"sameAs":["https:\/\/www.facebook.com\/Depistagedescancers.CVL","https:\/\/www.youtube.com\/@crcdccentre-valdeloire8386"]},{"@type":"Person","@id":"https:\/\/www.depistage-cancer.fr\/centre\/#\/schema\/person\/ebcef65b71153405ce83cbfd232dba06","name":"Karine VAILLANT","image":{"@type":"ImageObject","inLanguage":"fr-FR","@id":"https:\/\/secure.gravatar.com\/avatar\/cab6e614a498aa04122a01df57b74090b52f2bbe5e62a49d1123fe16b3ac776c?s=96&d=mm&r=g","url":"https:\/\/secure.gravatar.com\/avatar\/cab6e614a498aa04122a01df57b74090b52f2bbe5e62a49d1123fe16b3ac776c?s=96&d=mm&r=g","contentUrl":"https:\/\/secure.gravatar.com\/avatar\/cab6e614a498aa04122a01df57b74090b52f2bbe5e62a49d1123fe16b3ac776c?s=96&d=mm&r=g","caption":"Karine VAILLANT"},"url":"https:\/\/www.depistage-cancer.fr\/centre\/author\/k-vaillant\/"}]}},"_links":{"self":[{"href":"https:\/\/www.depistage-cancer.fr\/centre\/wp-json\/wp\/v2\/posts\/4289","targetHints":{"allow":["GET"]}}],"collection":[{"href":"https:\/\/www.depistage-cancer.fr\/centre\/wp-json\/wp\/v2\/posts"}],"about":[{"href":"https:\/\/www.depistage-cancer.fr\/centre\/wp-json\/wp\/v2\/types\/post"}],"author":[{"embeddable":true,"href":"https:\/\/www.depistage-cancer.fr\/centre\/wp-json\/wp\/v2\/users\/3"}],"replies":[{"embeddable":true,"href":"https:\/\/www.depistage-cancer.fr\/centre\/wp-json\/wp\/v2\/comments?post=4289"}],"version-history":[{"count":4,"href":"https:\/\/www.depistage-cancer.fr\/centre\/wp-json\/wp\/v2\/posts\/4289\/revisions"}],"predecessor-version":[{"id":4297,"href":"https:\/\/www.depistage-cancer.fr\/centre\/wp-json\/wp\/v2\/posts\/4289\/revisions\/4297"}],"wp:featuredmedia":[{"embeddable":true,"href":"https:\/\/www.depistage-cancer.fr\/centre\/wp-json\/wp\/v2\/media\/4290"}],"wp:attachment":[{"href":"https:\/\/www.depistage-cancer.fr\/centre\/wp-json\/wp\/v2\/media?parent=4289"}],"wp:term":[{"taxonomy":"category","embeddable":true,"href":"https:\/\/www.depistage-cancer.fr\/centre\/wp-json\/wp\/v2\/categories?post=4289"},{"taxonomy":"post_tag","embeddable":true,"href":"https:\/\/www.depistage-cancer.fr\/centre\/wp-json\/wp\/v2\/tags?post=4289"}],"curies":[{"name":"wp","href":"https:\/\/api.w.org\/{rel}","templated":true}]}}