{"id":4300,"date":"2025-10-06T09:38:31","date_gmt":"2025-10-06T07:38:31","guid":{"rendered":"https:\/\/www.depistage-cancer.fr\/centre\/?p=4300"},"modified":"2025-10-06T14:27:49","modified_gmt":"2025-10-06T12:27:49","slug":"communique-de-presse-du-crcdc-centre-val-de-loire","status":"publish","type":"post","link":"https:\/\/www.depistage-cancer.fr\/centre\/2025\/10\/06\/communique-de-presse-du-crcdc-centre-val-de-loire\/","title":{"rendered":"COMMUNIQUE DE PRESSE DU CRCDC Centre Val de Loire &#8211; D\u00e9pistage organis\u00e9 des cancers du sein"},"content":{"rendered":"\n<p>Dans le cadre du mois de mobilisation contre le cancer du sein, le communiqu\u00e9 de presse du Centre R\u00e9gional de Coordination des D\u00e9pistages des Cancers Centre-Val de Loire est disponible.<\/p>\n\n\n\n<figure class=\"wp-block-image size-full is-resized\"><a href=\"https:\/\/www.depistage-cancer.fr\/centre\/wp-content\/uploads\/2025\/10\/CRCDC_CP-DOCS-2025.pdf\" target=\"_blank\" rel=\" noreferrer noopener\"><img decoding=\"async\" width=\"724\" height=\"793\" data-src=\"https:\/\/www.depistage-cancer.fr\/centre\/wp-content\/uploads\/2025\/10\/MiseEnAvant_CP_SiteInternet-1.png\" alt=\"\" class=\"wp-image-4307 lazyload\" style=\"--smush-placeholder-width: 724px; --smush-placeholder-aspect-ratio: 724\/793;width:837px;height:auto\" data-srcset=\"https:\/\/www.depistage-cancer.fr\/centre\/wp-content\/uploads\/2025\/10\/MiseEnAvant_CP_SiteInternet-1.png 724w, https:\/\/www.depistage-cancer.fr\/centre\/wp-content\/uploads\/2025\/10\/MiseEnAvant_CP_SiteInternet-1-274x300.png 274w\" data-sizes=\"(max-width: 724px) 100vw, 724px\" src=\"data:image\/svg+xml;base64,PHN2ZyB3aWR0aD0iMSIgaGVpZ2h0PSIxIiB4bWxucz0iaHR0cDovL3d3dy53My5vcmcvMjAwMC9zdmciPjwvc3ZnPg==\" \/><\/a><\/figure>\n\n\n\n<p>Le cancer du sein est le cancer le plus fr\u00e9quent en France. Informer sur le d\u00e9pistage de ce cancer reste une priorit\u00e9.<\/p>\n\n\n\n<p><\/p>\n","protected":false},"excerpt":{"rendered":"<p>Dans le cadre du mois de mobilisation contre le cancer du sein, le communiqu\u00e9 de presse du Centre R\u00e9gional de Coordination des D\u00e9pistages des Cancers Centre-Val de Loire est disponible. [&hellip;]<\/p>\n","protected":false},"author":2,"featured_media":4306,"comment_status":"closed","ping_status":"closed","sticky":false,"template":"","format":"standard","meta":{"_acf_changed":false,"inline_featured_image":false,"footnotes":""},"categories":[30],"tags":[],"class_list":["post-4300","post","type-post","status-publish","format-standard","has-post-thumbnail","hentry","category-grand-public"],"acf":[],"yoast_head":"<!-- This site is optimized with the Yoast SEO plugin v27.4 - https:\/\/yoast.com\/product\/yoast-seo-wordpress\/ -->\n<title>COMMUNIQUE DE PRESSE DU CRCDC Centre Val de Loire - D\u00e9pistage organis\u00e9 des cancers du sein - Centre de coordination Centre Val de Loire - D\u00e9pistage des cancers<\/title>\n<meta name=\"robots\" content=\"index, follow, max-snippet:-1, max-image-preview:large, max-video-preview:-1\" \/>\n<link rel=\"canonical\" href=\"https:\/\/www.depistage-cancer.fr\/centre\/2025\/10\/06\/communique-de-presse-du-crcdc-centre-val-de-loire\/\" \/>\n<meta property=\"og:locale\" content=\"fr_FR\" \/>\n<meta property=\"og:type\" content=\"article\" \/>\n<meta property=\"og:title\" content=\"COMMUNIQUE DE PRESSE DU CRCDC Centre Val de Loire - D\u00e9pistage organis\u00e9 des cancers du sein - Centre de coordination Centre Val de Loire - D\u00e9pistage des cancers\" \/>\n<meta property=\"og:description\" content=\"Dans le cadre du mois de mobilisation contre le cancer du sein, le communiqu\u00e9 de presse du Centre R\u00e9gional de Coordination des D\u00e9pistages des Cancers Centre-Val de Loire est disponible. [&hellip;]\" \/>\n<meta property=\"og:url\" content=\"https:\/\/www.depistage-cancer.fr\/centre\/2025\/10\/06\/communique-de-presse-du-crcdc-centre-val-de-loire\/\" \/>\n<meta property=\"og:site_name\" content=\"Centre de coordination Centre Val de Loire - D\u00e9pistage des cancers\" \/>\n<meta property=\"article:publisher\" content=\"https:\/\/www.facebook.com\/Depistagedescancers.CVL\" \/>\n<meta property=\"article:published_time\" content=\"2025-10-06T07:38:31+00:00\" \/>\n<meta property=\"article:modified_time\" content=\"2025-10-06T12:27:49+00:00\" \/>\n<meta property=\"og:image\" content=\"https:\/\/www.depistage-cancer.fr\/centre\/wp-content\/uploads\/2025\/10\/MiseEnAvant_CP_SiteInternet.png\" \/>\n\t<meta property=\"og:image:width\" content=\"724\" \/>\n\t<meta property=\"og:image:height\" content=\"793\" \/>\n\t<meta property=\"og:image:type\" content=\"image\/png\" \/>\n<meta name=\"author\" content=\"Gw\u00e9na\u00eblle Rullier\" \/>\n<meta name=\"twitter:card\" content=\"summary_large_image\" \/>\n<meta name=\"twitter:label1\" content=\"\u00c9crit par\" \/>\n\t<meta name=\"twitter:data1\" content=\"Gw\u00e9na\u00eblle Rullier\" \/>\n\t<meta name=\"twitter:label2\" content=\"Dur\u00e9e de lecture estim\u00e9e\" \/>\n\t<meta name=\"twitter:data2\" content=\"1 minute\" \/>\n<script type=\"application\/ld+json\" class=\"yoast-schema-graph\">{\"@context\":\"https:\\\/\\\/schema.org\",\"@graph\":[{\"@type\":\"Article\",\"@id\":\"https:\\\/\\\/www.depistage-cancer.fr\\\/centre\\\/2025\\\/10\\\/06\\\/communique-de-presse-du-crcdc-centre-val-de-loire\\\/#article\",\"isPartOf\":{\"@id\":\"https:\\\/\\\/www.depistage-cancer.fr\\\/centre\\\/2025\\\/10\\\/06\\\/communique-de-presse-du-crcdc-centre-val-de-loire\\\/\"},\"author\":{\"name\":\"Gw\u00e9na\u00eblle Rullier\",\"@id\":\"https:\\\/\\\/www.depistage-cancer.fr\\\/centre\\\/#\\\/schema\\\/person\\\/dbd6256d25bc2540b970ea098f633f75\"},\"headline\":\"COMMUNIQUE DE PRESSE DU CRCDC Centre Val de Loire &#8211; D\u00e9pistage organis\u00e9 des cancers du sein\",\"datePublished\":\"2025-10-06T07:38:31+00:00\",\"dateModified\":\"2025-10-06T12:27:49+00:00\",\"mainEntityOfPage\":{\"@id\":\"https:\\\/\\\/www.depistage-cancer.fr\\\/centre\\\/2025\\\/10\\\/06\\\/communique-de-presse-du-crcdc-centre-val-de-loire\\\/\"},\"wordCount\":73,\"publisher\":{\"@id\":\"https:\\\/\\\/www.depistage-cancer.fr\\\/centre\\\/#organization\"},\"image\":{\"@id\":\"https:\\\/\\\/www.depistage-cancer.fr\\\/centre\\\/2025\\\/10\\\/06\\\/communique-de-presse-du-crcdc-centre-val-de-loire\\\/#primaryimage\"},\"thumbnailUrl\":\"https:\\\/\\\/www.depistage-cancer.fr\\\/centre\\\/wp-content\\\/uploads\\\/2025\\\/10\\\/MiseEnAvant_CP_SiteInternet.png\",\"articleSection\":[\"Grand Public\"],\"inLanguage\":\"fr-FR\"},{\"@type\":\"WebPage\",\"@id\":\"https:\\\/\\\/www.depistage-cancer.fr\\\/centre\\\/2025\\\/10\\\/06\\\/communique-de-presse-du-crcdc-centre-val-de-loire\\\/\",\"url\":\"https:\\\/\\\/www.depistage-cancer.fr\\\/centre\\\/2025\\\/10\\\/06\\\/communique-de-presse-du-crcdc-centre-val-de-loire\\\/\",\"name\":\"COMMUNIQUE DE PRESSE DU CRCDC Centre Val de Loire - D\u00e9pistage organis\u00e9 des cancers du sein - Centre de coordination Centre Val de Loire - D\u00e9pistage des cancers\",\"isPartOf\":{\"@id\":\"https:\\\/\\\/www.depistage-cancer.fr\\\/centre\\\/#website\"},\"primaryImageOfPage\":{\"@id\":\"https:\\\/\\\/www.depistage-cancer.fr\\\/centre\\\/2025\\\/10\\\/06\\\/communique-de-presse-du-crcdc-centre-val-de-loire\\\/#primaryimage\"},\"image\":{\"@id\":\"https:\\\/\\\/www.depistage-cancer.fr\\\/centre\\\/2025\\\/10\\\/06\\\/communique-de-presse-du-crcdc-centre-val-de-loire\\\/#primaryimage\"},\"thumbnailUrl\":\"https:\\\/\\\/www.depistage-cancer.fr\\\/centre\\\/wp-content\\\/uploads\\\/2025\\\/10\\\/MiseEnAvant_CP_SiteInternet.png\",\"datePublished\":\"2025-10-06T07:38:31+00:00\",\"dateModified\":\"2025-10-06T12:27:49+00:00\",\"breadcrumb\":{\"@id\":\"https:\\\/\\\/www.depistage-cancer.fr\\\/centre\\\/2025\\\/10\\\/06\\\/communique-de-presse-du-crcdc-centre-val-de-loire\\\/#breadcrumb\"},\"inLanguage\":\"fr-FR\",\"potentialAction\":[{\"@type\":\"ReadAction\",\"target\":[\"https:\\\/\\\/www.depistage-cancer.fr\\\/centre\\\/2025\\\/10\\\/06\\\/communique-de-presse-du-crcdc-centre-val-de-loire\\\/\"]}]},{\"@type\":\"ImageObject\",\"inLanguage\":\"fr-FR\",\"@id\":\"https:\\\/\\\/www.depistage-cancer.fr\\\/centre\\\/2025\\\/10\\\/06\\\/communique-de-presse-du-crcdc-centre-val-de-loire\\\/#primaryimage\",\"url\":\"https:\\\/\\\/www.depistage-cancer.fr\\\/centre\\\/wp-content\\\/uploads\\\/2025\\\/10\\\/MiseEnAvant_CP_SiteInternet.png\",\"contentUrl\":\"https:\\\/\\\/www.depistage-cancer.fr\\\/centre\\\/wp-content\\\/uploads\\\/2025\\\/10\\\/MiseEnAvant_CP_SiteInternet.png\",\"width\":724,\"height\":793},{\"@type\":\"BreadcrumbList\",\"@id\":\"https:\\\/\\\/www.depistage-cancer.fr\\\/centre\\\/2025\\\/10\\\/06\\\/communique-de-presse-du-crcdc-centre-val-de-loire\\\/#breadcrumb\",\"itemListElement\":[{\"@type\":\"ListItem\",\"position\":1,\"name\":\"Accueil\",\"item\":\"https:\\\/\\\/www.depistage-cancer.fr\\\/centre\\\/\"},{\"@type\":\"ListItem\",\"position\":2,\"name\":\"COMMUNIQUE DE PRESSE DU CRCDC Centre Val de Loire &#8211; D\u00e9pistage organis\u00e9 des cancers du sein\"}]},{\"@type\":\"WebSite\",\"@id\":\"https:\\\/\\\/www.depistage-cancer.fr\\\/centre\\\/#website\",\"url\":\"https:\\\/\\\/www.depistage-cancer.fr\\\/centre\\\/\",\"name\":\"Centre de coordination Centre Val de Loire - D\u00e9pistage des cancers\",\"description\":\"D\u00e9pister, c&#039;est prot\u00e9ger !\",\"publisher\":{\"@id\":\"https:\\\/\\\/www.depistage-cancer.fr\\\/centre\\\/#organization\"},\"alternateName\":\"CRCDC Centre Val de Loire\",\"potentialAction\":[{\"@type\":\"SearchAction\",\"target\":{\"@type\":\"EntryPoint\",\"urlTemplate\":\"https:\\\/\\\/www.depistage-cancer.fr\\\/centre\\\/?s={search_term_string}\"},\"query-input\":{\"@type\":\"PropertyValueSpecification\",\"valueRequired\":true,\"valueName\":\"search_term_string\"}}],\"inLanguage\":\"fr-FR\"},{\"@type\":\"Organization\",\"@id\":\"https:\\\/\\\/www.depistage-cancer.fr\\\/centre\\\/#organization\",\"name\":\"Centre de coordination Centre Val de Loire - D\u00e9pistage des cancers\",\"alternateName\":\"CRCDC Centre Val de Loire\",\"url\":\"https:\\\/\\\/www.depistage-cancer.fr\\\/centre\\\/\",\"logo\":{\"@type\":\"ImageObject\",\"inLanguage\":\"fr-FR\",\"@id\":\"https:\\\/\\\/www.depistage-cancer.fr\\\/centre\\\/#\\\/schema\\\/logo\\\/image\\\/\",\"url\":\"https:\\\/\\\/www.depistage-cancer.fr\\\/centre\\\/wp-content\\\/uploads\\\/2024\\\/02\\\/logo-crcdc-cvl.webp\",\"contentUrl\":\"https:\\\/\\\/www.depistage-cancer.fr\\\/centre\\\/wp-content\\\/uploads\\\/2024\\\/02\\\/logo-crcdc-cvl.webp\",\"width\":491,\"height\":238,\"caption\":\"Centre de coordination Centre Val de Loire - D\u00e9pistage des cancers\"},\"image\":{\"@id\":\"https:\\\/\\\/www.depistage-cancer.fr\\\/centre\\\/#\\\/schema\\\/logo\\\/image\\\/\"},\"sameAs\":[\"https:\\\/\\\/www.facebook.com\\\/Depistagedescancers.CVL\",\"https:\\\/\\\/www.youtube.com\\\/@crcdccentre-valdeloire8386\"]},{\"@type\":\"Person\",\"@id\":\"https:\\\/\\\/www.depistage-cancer.fr\\\/centre\\\/#\\\/schema\\\/person\\\/dbd6256d25bc2540b970ea098f633f75\",\"name\":\"Gw\u00e9na\u00eblle Rullier\",\"image\":{\"@type\":\"ImageObject\",\"inLanguage\":\"fr-FR\",\"@id\":\"https:\\\/\\\/secure.gravatar.com\\\/avatar\\\/a9a305907f03e52fbf12789de34275b94fbbdefdb0659d7b75c142c08f17b0ef?s=96&d=mm&r=g\",\"url\":\"https:\\\/\\\/secure.gravatar.com\\\/avatar\\\/a9a305907f03e52fbf12789de34275b94fbbdefdb0659d7b75c142c08f17b0ef?s=96&d=mm&r=g\",\"contentUrl\":\"https:\\\/\\\/secure.gravatar.com\\\/avatar\\\/a9a305907f03e52fbf12789de34275b94fbbdefdb0659d7b75c142c08f17b0ef?s=96&d=mm&r=g\",\"caption\":\"Gw\u00e9na\u00eblle Rullier\"},\"url\":\"https:\\\/\\\/www.depistage-cancer.fr\\\/centre\\\/author\\\/g-rullier\\\/\"}]}<\/script>\n<!-- \/ Yoast SEO plugin. -->","yoast_head_json":{"title":"COMMUNIQUE DE PRESSE DU CRCDC Centre Val de Loire - D\u00e9pistage organis\u00e9 des cancers du sein - Centre de coordination Centre Val de Loire - D\u00e9pistage des cancers","robots":{"index":"index","follow":"follow","max-snippet":"max-snippet:-1","max-image-preview":"max-image-preview:large","max-video-preview":"max-video-preview:-1"},"canonical":"https:\/\/www.depistage-cancer.fr\/centre\/2025\/10\/06\/communique-de-presse-du-crcdc-centre-val-de-loire\/","og_locale":"fr_FR","og_type":"article","og_title":"COMMUNIQUE DE PRESSE DU CRCDC Centre Val de Loire - D\u00e9pistage organis\u00e9 des cancers du sein - Centre de coordination Centre Val de Loire - D\u00e9pistage des cancers","og_description":"Dans le cadre du mois de mobilisation contre le cancer du sein, le communiqu\u00e9 de presse du Centre R\u00e9gional de Coordination des D\u00e9pistages des Cancers Centre-Val de Loire est disponible. [&hellip;]","og_url":"https:\/\/www.depistage-cancer.fr\/centre\/2025\/10\/06\/communique-de-presse-du-crcdc-centre-val-de-loire\/","og_site_name":"Centre de coordination Centre Val de Loire - D\u00e9pistage des cancers","article_publisher":"https:\/\/www.facebook.com\/Depistagedescancers.CVL","article_published_time":"2025-10-06T07:38:31+00:00","article_modified_time":"2025-10-06T12:27:49+00:00","og_image":[{"width":724,"height":793,"url":"https:\/\/www.depistage-cancer.fr\/centre\/wp-content\/uploads\/2025\/10\/MiseEnAvant_CP_SiteInternet.png","type":"image\/png"}],"author":"Gw\u00e9na\u00eblle Rullier","twitter_card":"summary_large_image","twitter_misc":{"\u00c9crit par":"Gw\u00e9na\u00eblle Rullier","Dur\u00e9e de lecture estim\u00e9e":"1 minute"},"schema":{"@context":"https:\/\/schema.org","@graph":[{"@type":"Article","@id":"https:\/\/www.depistage-cancer.fr\/centre\/2025\/10\/06\/communique-de-presse-du-crcdc-centre-val-de-loire\/#article","isPartOf":{"@id":"https:\/\/www.depistage-cancer.fr\/centre\/2025\/10\/06\/communique-de-presse-du-crcdc-centre-val-de-loire\/"},"author":{"name":"Gw\u00e9na\u00eblle Rullier","@id":"https:\/\/www.depistage-cancer.fr\/centre\/#\/schema\/person\/dbd6256d25bc2540b970ea098f633f75"},"headline":"COMMUNIQUE DE PRESSE DU CRCDC Centre Val de Loire &#8211; D\u00e9pistage organis\u00e9 des cancers du sein","datePublished":"2025-10-06T07:38:31+00:00","dateModified":"2025-10-06T12:27:49+00:00","mainEntityOfPage":{"@id":"https:\/\/www.depistage-cancer.fr\/centre\/2025\/10\/06\/communique-de-presse-du-crcdc-centre-val-de-loire\/"},"wordCount":73,"publisher":{"@id":"https:\/\/www.depistage-cancer.fr\/centre\/#organization"},"image":{"@id":"https:\/\/www.depistage-cancer.fr\/centre\/2025\/10\/06\/communique-de-presse-du-crcdc-centre-val-de-loire\/#primaryimage"},"thumbnailUrl":"https:\/\/www.depistage-cancer.fr\/centre\/wp-content\/uploads\/2025\/10\/MiseEnAvant_CP_SiteInternet.png","articleSection":["Grand Public"],"inLanguage":"fr-FR"},{"@type":"WebPage","@id":"https:\/\/www.depistage-cancer.fr\/centre\/2025\/10\/06\/communique-de-presse-du-crcdc-centre-val-de-loire\/","url":"https:\/\/www.depistage-cancer.fr\/centre\/2025\/10\/06\/communique-de-presse-du-crcdc-centre-val-de-loire\/","name":"COMMUNIQUE DE PRESSE DU CRCDC Centre Val de Loire - D\u00e9pistage organis\u00e9 des cancers du sein - Centre de coordination Centre Val de Loire - D\u00e9pistage des cancers","isPartOf":{"@id":"https:\/\/www.depistage-cancer.fr\/centre\/#website"},"primaryImageOfPage":{"@id":"https:\/\/www.depistage-cancer.fr\/centre\/2025\/10\/06\/communique-de-presse-du-crcdc-centre-val-de-loire\/#primaryimage"},"image":{"@id":"https:\/\/www.depistage-cancer.fr\/centre\/2025\/10\/06\/communique-de-presse-du-crcdc-centre-val-de-loire\/#primaryimage"},"thumbnailUrl":"https:\/\/www.depistage-cancer.fr\/centre\/wp-content\/uploads\/2025\/10\/MiseEnAvant_CP_SiteInternet.png","datePublished":"2025-10-06T07:38:31+00:00","dateModified":"2025-10-06T12:27:49+00:00","breadcrumb":{"@id":"https:\/\/www.depistage-cancer.fr\/centre\/2025\/10\/06\/communique-de-presse-du-crcdc-centre-val-de-loire\/#breadcrumb"},"inLanguage":"fr-FR","potentialAction":[{"@type":"ReadAction","target":["https:\/\/www.depistage-cancer.fr\/centre\/2025\/10\/06\/communique-de-presse-du-crcdc-centre-val-de-loire\/"]}]},{"@type":"ImageObject","inLanguage":"fr-FR","@id":"https:\/\/www.depistage-cancer.fr\/centre\/2025\/10\/06\/communique-de-presse-du-crcdc-centre-val-de-loire\/#primaryimage","url":"https:\/\/www.depistage-cancer.fr\/centre\/wp-content\/uploads\/2025\/10\/MiseEnAvant_CP_SiteInternet.png","contentUrl":"https:\/\/www.depistage-cancer.fr\/centre\/wp-content\/uploads\/2025\/10\/MiseEnAvant_CP_SiteInternet.png","width":724,"height":793},{"@type":"BreadcrumbList","@id":"https:\/\/www.depistage-cancer.fr\/centre\/2025\/10\/06\/communique-de-presse-du-crcdc-centre-val-de-loire\/#breadcrumb","itemListElement":[{"@type":"ListItem","position":1,"name":"Accueil","item":"https:\/\/www.depistage-cancer.fr\/centre\/"},{"@type":"ListItem","position":2,"name":"COMMUNIQUE DE PRESSE DU CRCDC Centre Val de Loire &#8211; D\u00e9pistage organis\u00e9 des cancers du sein"}]},{"@type":"WebSite","@id":"https:\/\/www.depistage-cancer.fr\/centre\/#website","url":"https:\/\/www.depistage-cancer.fr\/centre\/","name":"Centre de coordination Centre Val de Loire - D\u00e9pistage des cancers","description":"D\u00e9pister, c&#039;est prot\u00e9ger !","publisher":{"@id":"https:\/\/www.depistage-cancer.fr\/centre\/#organization"},"alternateName":"CRCDC Centre Val de Loire","potentialAction":[{"@type":"SearchAction","target":{"@type":"EntryPoint","urlTemplate":"https:\/\/www.depistage-cancer.fr\/centre\/?s={search_term_string}"},"query-input":{"@type":"PropertyValueSpecification","valueRequired":true,"valueName":"search_term_string"}}],"inLanguage":"fr-FR"},{"@type":"Organization","@id":"https:\/\/www.depistage-cancer.fr\/centre\/#organization","name":"Centre de coordination Centre Val de Loire - D\u00e9pistage des cancers","alternateName":"CRCDC Centre Val de Loire","url":"https:\/\/www.depistage-cancer.fr\/centre\/","logo":{"@type":"ImageObject","inLanguage":"fr-FR","@id":"https:\/\/www.depistage-cancer.fr\/centre\/#\/schema\/logo\/image\/","url":"https:\/\/www.depistage-cancer.fr\/centre\/wp-content\/uploads\/2024\/02\/logo-crcdc-cvl.webp","contentUrl":"https:\/\/www.depistage-cancer.fr\/centre\/wp-content\/uploads\/2024\/02\/logo-crcdc-cvl.webp","width":491,"height":238,"caption":"Centre de coordination Centre Val de Loire - D\u00e9pistage des cancers"},"image":{"@id":"https:\/\/www.depistage-cancer.fr\/centre\/#\/schema\/logo\/image\/"},"sameAs":["https:\/\/www.facebook.com\/Depistagedescancers.CVL","https:\/\/www.youtube.com\/@crcdccentre-valdeloire8386"]},{"@type":"Person","@id":"https:\/\/www.depistage-cancer.fr\/centre\/#\/schema\/person\/dbd6256d25bc2540b970ea098f633f75","name":"Gw\u00e9na\u00eblle Rullier","image":{"@type":"ImageObject","inLanguage":"fr-FR","@id":"https:\/\/secure.gravatar.com\/avatar\/a9a305907f03e52fbf12789de34275b94fbbdefdb0659d7b75c142c08f17b0ef?s=96&d=mm&r=g","url":"https:\/\/secure.gravatar.com\/avatar\/a9a305907f03e52fbf12789de34275b94fbbdefdb0659d7b75c142c08f17b0ef?s=96&d=mm&r=g","contentUrl":"https:\/\/secure.gravatar.com\/avatar\/a9a305907f03e52fbf12789de34275b94fbbdefdb0659d7b75c142c08f17b0ef?s=96&d=mm&r=g","caption":"Gw\u00e9na\u00eblle Rullier"},"url":"https:\/\/www.depistage-cancer.fr\/centre\/author\/g-rullier\/"}]}},"_links":{"self":[{"href":"https:\/\/www.depistage-cancer.fr\/centre\/wp-json\/wp\/v2\/posts\/4300","targetHints":{"allow":["GET"]}}],"collection":[{"href":"https:\/\/www.depistage-cancer.fr\/centre\/wp-json\/wp\/v2\/posts"}],"about":[{"href":"https:\/\/www.depistage-cancer.fr\/centre\/wp-json\/wp\/v2\/types\/post"}],"author":[{"embeddable":true,"href":"https:\/\/www.depistage-cancer.fr\/centre\/wp-json\/wp\/v2\/users\/2"}],"replies":[{"embeddable":true,"href":"https:\/\/www.depistage-cancer.fr\/centre\/wp-json\/wp\/v2\/comments?post=4300"}],"version-history":[{"count":10,"href":"https:\/\/www.depistage-cancer.fr\/centre\/wp-json\/wp\/v2\/posts\/4300\/revisions"}],"predecessor-version":[{"id":4318,"href":"https:\/\/www.depistage-cancer.fr\/centre\/wp-json\/wp\/v2\/posts\/4300\/revisions\/4318"}],"wp:featuredmedia":[{"embeddable":true,"href":"https:\/\/www.depistage-cancer.fr\/centre\/wp-json\/wp\/v2\/media\/4306"}],"wp:attachment":[{"href":"https:\/\/www.depistage-cancer.fr\/centre\/wp-json\/wp\/v2\/media?parent=4300"}],"wp:term":[{"taxonomy":"category","embeddable":true,"href":"https:\/\/www.depistage-cancer.fr\/centre\/wp-json\/wp\/v2\/categories?post=4300"},{"taxonomy":"post_tag","embeddable":true,"href":"https:\/\/www.depistage-cancer.fr\/centre\/wp-json\/wp\/v2\/tags?post=4300"}],"curies":[{"name":"wp","href":"https:\/\/api.w.org\/{rel}","templated":true}]}}