{"id":4537,"date":"2025-11-12T09:53:54","date_gmt":"2025-11-12T08:53:54","guid":{"rendered":"https:\/\/www.depistage-cancer.fr\/centre\/?p=4537"},"modified":"2025-11-13T14:13:29","modified_gmt":"2025-11-13T13:13:29","slug":"nouveaux-supports-de-communication-pour-le-depistage-du-cancer-colorectal","status":"publish","type":"post","link":"https:\/\/www.depistage-cancer.fr\/centre\/2025\/11\/12\/nouveaux-supports-de-communication-pour-le-depistage-du-cancer-colorectal\/","title":{"rendered":"Nouveaux supports de communication pour le d\u00e9pistage du cancer colorectal"},"content":{"rendered":"\n<p>La CPAM 37 a cr\u00e9\u00e9 de nouveaux supports de communication pour le d\u00e9pistage du cancer colorectal sous format de podcasts. Deux vid\u00e9os sont disponibles :<\/p>\n\n\n\n<p>Une avec le Dr GUEGUAN, pharmacienne en r\u00e9gion Centre-val de Loire.<\/p>\n\n\n\n<figure class=\"wp-block-embed is-type-video is-provider-youtube wp-block-embed-youtube wp-embed-aspect-16-9 wp-has-aspect-ratio\"><div class=\"wp-block-embed__wrapper\">\n<iframe title=\"Une pharmacienne nous dit tout sur le d\u00e9pistage du Cancer colorectal\" width=\"640\" height=\"360\" data-src=\"https:\/\/www.youtube.com\/embed\/MwODdWdBuhQ?feature=oembed\" frameborder=\"0\" allow=\"accelerometer; autoplay; clipboard-write; encrypted-media; gyroscope; picture-in-picture; web-share\" referrerpolicy=\"strict-origin-when-cross-origin\" allowfullscreen src=\"data:image\/svg+xml;base64,PHN2ZyB3aWR0aD0iMSIgaGVpZ2h0PSIxIiB4bWxucz0iaHR0cDovL3d3dy53My5vcmcvMjAwMC9zdmciPjwvc3ZnPg==\" class=\"lazyload\" data-load-mode=\"1\"><\/iframe>\n<\/div><\/figure>\n\n\n\n<p>Une avec Eric et Katia, des patients qui partagent leur exp\u00e9rience du d\u00e9pistage du cancer colorectal.<\/p>\n\n\n\n<figure class=\"wp-block-embed is-type-video is-provider-youtube wp-block-embed-youtube wp-embed-aspect-16-9 wp-has-aspect-ratio\"><div class=\"wp-block-embed__wrapper\">\n<iframe title=\"Kit \u00e0 domicile : Katia et Eric partagent leur exp\u00e9rience du d\u00e9pistage du Cancer Colorectal\" width=\"640\" height=\"360\" data-src=\"https:\/\/www.youtube.com\/embed\/5e2ZjVKhy8E?feature=oembed\" frameborder=\"0\" allow=\"accelerometer; autoplay; clipboard-write; encrypted-media; gyroscope; picture-in-picture; web-share\" referrerpolicy=\"strict-origin-when-cross-origin\" allowfullscreen src=\"data:image\/svg+xml;base64,PHN2ZyB3aWR0aD0iMSIgaGVpZ2h0PSIxIiB4bWxucz0iaHR0cDovL3d3dy53My5vcmcvMjAwMC9zdmciPjwvc3ZnPg==\" class=\"lazyload\" data-load-mode=\"1\"><\/iframe>\n<\/div><\/figure>\n\n\n\n<p>Bon visionnage.<\/p>\n\n\n\n<p><\/p>\n","protected":false},"excerpt":{"rendered":"<p>La CPAM 37 a cr\u00e9\u00e9 de nouveaux supports de communication pour le d\u00e9pistage du cancer colorectal sous format de podcasts. Deux vid\u00e9os sont disponibles : Une avec le Dr GUEGUAN, [&hellip;]<\/p>\n","protected":false},"author":5,"featured_media":4538,"comment_status":"closed","ping_status":"closed","sticky":false,"template":"","format":"standard","meta":{"_acf_changed":false,"inline_featured_image":false,"footnotes":""},"categories":[30,12],"tags":[],"class_list":["post-4537","post","type-post","status-publish","format-standard","has-post-thumbnail","hentry","category-grand-public","category-professionnel"],"acf":[],"yoast_head":"<!-- This site is optimized with the Yoast SEO plugin v27.5 - https:\/\/yoast.com\/product\/yoast-seo-wordpress\/ -->\n<title>Nouveaux supports de communication pour le d\u00e9pistage du cancer colorectal - Centre de coordination Centre Val de Loire - D\u00e9pistage des cancers<\/title>\n<meta name=\"robots\" content=\"index, follow, max-snippet:-1, max-image-preview:large, max-video-preview:-1\" \/>\n<link rel=\"canonical\" href=\"https:\/\/www.depistage-cancer.fr\/centre\/2025\/11\/12\/nouveaux-supports-de-communication-pour-le-depistage-du-cancer-colorectal\/\" \/>\n<meta property=\"og:locale\" content=\"fr_FR\" \/>\n<meta property=\"og:type\" content=\"article\" \/>\n<meta property=\"og:title\" content=\"Nouveaux supports de communication pour le d\u00e9pistage du cancer colorectal - Centre de coordination Centre Val de Loire - D\u00e9pistage des cancers\" \/>\n<meta property=\"og:description\" content=\"La CPAM 37 a cr\u00e9\u00e9 de nouveaux supports de communication pour le d\u00e9pistage du cancer colorectal sous format de podcasts. Deux vid\u00e9os sont disponibles : Une avec le Dr GUEGUAN, [&hellip;]\" \/>\n<meta property=\"og:url\" content=\"https:\/\/www.depistage-cancer.fr\/centre\/2025\/11\/12\/nouveaux-supports-de-communication-pour-le-depistage-du-cancer-colorectal\/\" \/>\n<meta property=\"og:site_name\" content=\"Centre de coordination Centre Val de Loire - D\u00e9pistage des cancers\" \/>\n<meta property=\"article:publisher\" content=\"https:\/\/www.facebook.com\/Depistagedescancers.CVL\" \/>\n<meta property=\"article:published_time\" content=\"2025-11-12T08:53:54+00:00\" \/>\n<meta property=\"article:modified_time\" content=\"2025-11-13T13:13:29+00:00\" \/>\n<meta property=\"og:image\" content=\"https:\/\/www.depistage-cancer.fr\/centre\/wp-content\/uploads\/2025\/11\/Article-site-web-.png\" \/>\n\t<meta property=\"og:image:width\" content=\"1295\" \/>\n\t<meta property=\"og:image:height\" content=\"720\" \/>\n\t<meta property=\"og:image:type\" content=\"image\/png\" \/>\n<meta name=\"author\" content=\"Emilie VIGNIER\" \/>\n<meta name=\"twitter:card\" content=\"summary_large_image\" \/>\n<meta name=\"twitter:label1\" content=\"\u00c9crit par\" \/>\n\t<meta name=\"twitter:data1\" content=\"Emilie VIGNIER\" \/>\n\t<meta name=\"twitter:label2\" content=\"Dur\u00e9e de lecture estim\u00e9e\" \/>\n\t<meta name=\"twitter:data2\" content=\"1 minute\" \/>\n<script type=\"application\/ld+json\" class=\"yoast-schema-graph\">{\"@context\":\"https:\\\/\\\/schema.org\",\"@graph\":[{\"@type\":\"Article\",\"@id\":\"https:\\\/\\\/www.depistage-cancer.fr\\\/centre\\\/2025\\\/11\\\/12\\\/nouveaux-supports-de-communication-pour-le-depistage-du-cancer-colorectal\\\/#article\",\"isPartOf\":{\"@id\":\"https:\\\/\\\/www.depistage-cancer.fr\\\/centre\\\/2025\\\/11\\\/12\\\/nouveaux-supports-de-communication-pour-le-depistage-du-cancer-colorectal\\\/\"},\"author\":{\"name\":\"Emilie VIGNIER\",\"@id\":\"https:\\\/\\\/www.depistage-cancer.fr\\\/centre\\\/#\\\/schema\\\/person\\\/3148016ec136ec9efbcc9c10ffbe7653\"},\"headline\":\"Nouveaux supports de communication pour le d\u00e9pistage du cancer colorectal\",\"datePublished\":\"2025-11-12T08:53:54+00:00\",\"dateModified\":\"2025-11-13T13:13:29+00:00\",\"mainEntityOfPage\":{\"@id\":\"https:\\\/\\\/www.depistage-cancer.fr\\\/centre\\\/2025\\\/11\\\/12\\\/nouveaux-supports-de-communication-pour-le-depistage-du-cancer-colorectal\\\/\"},\"wordCount\":78,\"publisher\":{\"@id\":\"https:\\\/\\\/www.depistage-cancer.fr\\\/centre\\\/#organization\"},\"image\":{\"@id\":\"https:\\\/\\\/www.depistage-cancer.fr\\\/centre\\\/2025\\\/11\\\/12\\\/nouveaux-supports-de-communication-pour-le-depistage-du-cancer-colorectal\\\/#primaryimage\"},\"thumbnailUrl\":\"https:\\\/\\\/www.depistage-cancer.fr\\\/centre\\\/wp-content\\\/uploads\\\/2025\\\/11\\\/Article-site-web-.png\",\"articleSection\":[\"Grand Public\",\"Professionnel\"],\"inLanguage\":\"fr-FR\"},{\"@type\":\"WebPage\",\"@id\":\"https:\\\/\\\/www.depistage-cancer.fr\\\/centre\\\/2025\\\/11\\\/12\\\/nouveaux-supports-de-communication-pour-le-depistage-du-cancer-colorectal\\\/\",\"url\":\"https:\\\/\\\/www.depistage-cancer.fr\\\/centre\\\/2025\\\/11\\\/12\\\/nouveaux-supports-de-communication-pour-le-depistage-du-cancer-colorectal\\\/\",\"name\":\"Nouveaux supports de communication pour le d\u00e9pistage du cancer colorectal - Centre de coordination Centre Val de Loire - D\u00e9pistage des cancers\",\"isPartOf\":{\"@id\":\"https:\\\/\\\/www.depistage-cancer.fr\\\/centre\\\/#website\"},\"primaryImageOfPage\":{\"@id\":\"https:\\\/\\\/www.depistage-cancer.fr\\\/centre\\\/2025\\\/11\\\/12\\\/nouveaux-supports-de-communication-pour-le-depistage-du-cancer-colorectal\\\/#primaryimage\"},\"image\":{\"@id\":\"https:\\\/\\\/www.depistage-cancer.fr\\\/centre\\\/2025\\\/11\\\/12\\\/nouveaux-supports-de-communication-pour-le-depistage-du-cancer-colorectal\\\/#primaryimage\"},\"thumbnailUrl\":\"https:\\\/\\\/www.depistage-cancer.fr\\\/centre\\\/wp-content\\\/uploads\\\/2025\\\/11\\\/Article-site-web-.png\",\"datePublished\":\"2025-11-12T08:53:54+00:00\",\"dateModified\":\"2025-11-13T13:13:29+00:00\",\"breadcrumb\":{\"@id\":\"https:\\\/\\\/www.depistage-cancer.fr\\\/centre\\\/2025\\\/11\\\/12\\\/nouveaux-supports-de-communication-pour-le-depistage-du-cancer-colorectal\\\/#breadcrumb\"},\"inLanguage\":\"fr-FR\",\"potentialAction\":[{\"@type\":\"ReadAction\",\"target\":[\"https:\\\/\\\/www.depistage-cancer.fr\\\/centre\\\/2025\\\/11\\\/12\\\/nouveaux-supports-de-communication-pour-le-depistage-du-cancer-colorectal\\\/\"]}]},{\"@type\":\"ImageObject\",\"inLanguage\":\"fr-FR\",\"@id\":\"https:\\\/\\\/www.depistage-cancer.fr\\\/centre\\\/2025\\\/11\\\/12\\\/nouveaux-supports-de-communication-pour-le-depistage-du-cancer-colorectal\\\/#primaryimage\",\"url\":\"https:\\\/\\\/www.depistage-cancer.fr\\\/centre\\\/wp-content\\\/uploads\\\/2025\\\/11\\\/Article-site-web-.png\",\"contentUrl\":\"https:\\\/\\\/www.depistage-cancer.fr\\\/centre\\\/wp-content\\\/uploads\\\/2025\\\/11\\\/Article-site-web-.png\",\"width\":1295,\"height\":720},{\"@type\":\"BreadcrumbList\",\"@id\":\"https:\\\/\\\/www.depistage-cancer.fr\\\/centre\\\/2025\\\/11\\\/12\\\/nouveaux-supports-de-communication-pour-le-depistage-du-cancer-colorectal\\\/#breadcrumb\",\"itemListElement\":[{\"@type\":\"ListItem\",\"position\":1,\"name\":\"Accueil\",\"item\":\"https:\\\/\\\/www.depistage-cancer.fr\\\/centre\\\/\"},{\"@type\":\"ListItem\",\"position\":2,\"name\":\"Nouveaux supports de communication pour le d\u00e9pistage du cancer colorectal\"}]},{\"@type\":\"WebSite\",\"@id\":\"https:\\\/\\\/www.depistage-cancer.fr\\\/centre\\\/#website\",\"url\":\"https:\\\/\\\/www.depistage-cancer.fr\\\/centre\\\/\",\"name\":\"Centre de coordination Centre Val de Loire - D\u00e9pistage des cancers\",\"description\":\"D\u00e9pister, c&#039;est prot\u00e9ger !\",\"publisher\":{\"@id\":\"https:\\\/\\\/www.depistage-cancer.fr\\\/centre\\\/#organization\"},\"alternateName\":\"CRCDC Centre Val de Loire\",\"potentialAction\":[{\"@type\":\"SearchAction\",\"target\":{\"@type\":\"EntryPoint\",\"urlTemplate\":\"https:\\\/\\\/www.depistage-cancer.fr\\\/centre\\\/?s={search_term_string}\"},\"query-input\":{\"@type\":\"PropertyValueSpecification\",\"valueRequired\":true,\"valueName\":\"search_term_string\"}}],\"inLanguage\":\"fr-FR\"},{\"@type\":\"Organization\",\"@id\":\"https:\\\/\\\/www.depistage-cancer.fr\\\/centre\\\/#organization\",\"name\":\"Centre de coordination Centre Val de Loire - D\u00e9pistage des cancers\",\"alternateName\":\"CRCDC Centre Val de Loire\",\"url\":\"https:\\\/\\\/www.depistage-cancer.fr\\\/centre\\\/\",\"logo\":{\"@type\":\"ImageObject\",\"inLanguage\":\"fr-FR\",\"@id\":\"https:\\\/\\\/www.depistage-cancer.fr\\\/centre\\\/#\\\/schema\\\/logo\\\/image\\\/\",\"url\":\"https:\\\/\\\/www.depistage-cancer.fr\\\/centre\\\/wp-content\\\/uploads\\\/2024\\\/02\\\/logo-crcdc-cvl.webp\",\"contentUrl\":\"https:\\\/\\\/www.depistage-cancer.fr\\\/centre\\\/wp-content\\\/uploads\\\/2024\\\/02\\\/logo-crcdc-cvl.webp\",\"width\":491,\"height\":238,\"caption\":\"Centre de coordination Centre Val de Loire - D\u00e9pistage des cancers\"},\"image\":{\"@id\":\"https:\\\/\\\/www.depistage-cancer.fr\\\/centre\\\/#\\\/schema\\\/logo\\\/image\\\/\"},\"sameAs\":[\"https:\\\/\\\/www.facebook.com\\\/Depistagedescancers.CVL\",\"https:\\\/\\\/www.youtube.com\\\/@crcdccentre-valdeloire8386\"]},{\"@type\":\"Person\",\"@id\":\"https:\\\/\\\/www.depistage-cancer.fr\\\/centre\\\/#\\\/schema\\\/person\\\/3148016ec136ec9efbcc9c10ffbe7653\",\"name\":\"Emilie VIGNIER\",\"image\":{\"@type\":\"ImageObject\",\"inLanguage\":\"fr-FR\",\"@id\":\"https:\\\/\\\/secure.gravatar.com\\\/avatar\\\/f0871e7b823d3067c444ddbb6e106585183a5fa3af7b9bf9f622655e40b6680b?s=96&d=mm&r=g\",\"url\":\"https:\\\/\\\/secure.gravatar.com\\\/avatar\\\/f0871e7b823d3067c444ddbb6e106585183a5fa3af7b9bf9f622655e40b6680b?s=96&d=mm&r=g\",\"contentUrl\":\"https:\\\/\\\/secure.gravatar.com\\\/avatar\\\/f0871e7b823d3067c444ddbb6e106585183a5fa3af7b9bf9f622655e40b6680b?s=96&d=mm&r=g\",\"caption\":\"Emilie VIGNIER\"},\"url\":\"https:\\\/\\\/www.depistage-cancer.fr\\\/centre\\\/author\\\/e-vignier\\\/\"}]}<\/script>\n<!-- \/ Yoast SEO plugin. -->","yoast_head_json":{"title":"Nouveaux supports de communication pour le d\u00e9pistage du cancer colorectal - Centre de coordination Centre Val de Loire - D\u00e9pistage des cancers","robots":{"index":"index","follow":"follow","max-snippet":"max-snippet:-1","max-image-preview":"max-image-preview:large","max-video-preview":"max-video-preview:-1"},"canonical":"https:\/\/www.depistage-cancer.fr\/centre\/2025\/11\/12\/nouveaux-supports-de-communication-pour-le-depistage-du-cancer-colorectal\/","og_locale":"fr_FR","og_type":"article","og_title":"Nouveaux supports de communication pour le d\u00e9pistage du cancer colorectal - Centre de coordination Centre Val de Loire - D\u00e9pistage des cancers","og_description":"La CPAM 37 a cr\u00e9\u00e9 de nouveaux supports de communication pour le d\u00e9pistage du cancer colorectal sous format de podcasts. Deux vid\u00e9os sont disponibles : Une avec le Dr GUEGUAN, [&hellip;]","og_url":"https:\/\/www.depistage-cancer.fr\/centre\/2025\/11\/12\/nouveaux-supports-de-communication-pour-le-depistage-du-cancer-colorectal\/","og_site_name":"Centre de coordination Centre Val de Loire - D\u00e9pistage des cancers","article_publisher":"https:\/\/www.facebook.com\/Depistagedescancers.CVL","article_published_time":"2025-11-12T08:53:54+00:00","article_modified_time":"2025-11-13T13:13:29+00:00","og_image":[{"width":1295,"height":720,"url":"https:\/\/www.depistage-cancer.fr\/centre\/wp-content\/uploads\/2025\/11\/Article-site-web-.png","type":"image\/png"}],"author":"Emilie VIGNIER","twitter_card":"summary_large_image","twitter_misc":{"\u00c9crit par":"Emilie VIGNIER","Dur\u00e9e de lecture estim\u00e9e":"1 minute"},"schema":{"@context":"https:\/\/schema.org","@graph":[{"@type":"Article","@id":"https:\/\/www.depistage-cancer.fr\/centre\/2025\/11\/12\/nouveaux-supports-de-communication-pour-le-depistage-du-cancer-colorectal\/#article","isPartOf":{"@id":"https:\/\/www.depistage-cancer.fr\/centre\/2025\/11\/12\/nouveaux-supports-de-communication-pour-le-depistage-du-cancer-colorectal\/"},"author":{"name":"Emilie VIGNIER","@id":"https:\/\/www.depistage-cancer.fr\/centre\/#\/schema\/person\/3148016ec136ec9efbcc9c10ffbe7653"},"headline":"Nouveaux supports de communication pour le d\u00e9pistage du cancer colorectal","datePublished":"2025-11-12T08:53:54+00:00","dateModified":"2025-11-13T13:13:29+00:00","mainEntityOfPage":{"@id":"https:\/\/www.depistage-cancer.fr\/centre\/2025\/11\/12\/nouveaux-supports-de-communication-pour-le-depistage-du-cancer-colorectal\/"},"wordCount":78,"publisher":{"@id":"https:\/\/www.depistage-cancer.fr\/centre\/#organization"},"image":{"@id":"https:\/\/www.depistage-cancer.fr\/centre\/2025\/11\/12\/nouveaux-supports-de-communication-pour-le-depistage-du-cancer-colorectal\/#primaryimage"},"thumbnailUrl":"https:\/\/www.depistage-cancer.fr\/centre\/wp-content\/uploads\/2025\/11\/Article-site-web-.png","articleSection":["Grand Public","Professionnel"],"inLanguage":"fr-FR"},{"@type":"WebPage","@id":"https:\/\/www.depistage-cancer.fr\/centre\/2025\/11\/12\/nouveaux-supports-de-communication-pour-le-depistage-du-cancer-colorectal\/","url":"https:\/\/www.depistage-cancer.fr\/centre\/2025\/11\/12\/nouveaux-supports-de-communication-pour-le-depistage-du-cancer-colorectal\/","name":"Nouveaux supports de communication pour le d\u00e9pistage du cancer colorectal - Centre de coordination Centre Val de Loire - D\u00e9pistage des cancers","isPartOf":{"@id":"https:\/\/www.depistage-cancer.fr\/centre\/#website"},"primaryImageOfPage":{"@id":"https:\/\/www.depistage-cancer.fr\/centre\/2025\/11\/12\/nouveaux-supports-de-communication-pour-le-depistage-du-cancer-colorectal\/#primaryimage"},"image":{"@id":"https:\/\/www.depistage-cancer.fr\/centre\/2025\/11\/12\/nouveaux-supports-de-communication-pour-le-depistage-du-cancer-colorectal\/#primaryimage"},"thumbnailUrl":"https:\/\/www.depistage-cancer.fr\/centre\/wp-content\/uploads\/2025\/11\/Article-site-web-.png","datePublished":"2025-11-12T08:53:54+00:00","dateModified":"2025-11-13T13:13:29+00:00","breadcrumb":{"@id":"https:\/\/www.depistage-cancer.fr\/centre\/2025\/11\/12\/nouveaux-supports-de-communication-pour-le-depistage-du-cancer-colorectal\/#breadcrumb"},"inLanguage":"fr-FR","potentialAction":[{"@type":"ReadAction","target":["https:\/\/www.depistage-cancer.fr\/centre\/2025\/11\/12\/nouveaux-supports-de-communication-pour-le-depistage-du-cancer-colorectal\/"]}]},{"@type":"ImageObject","inLanguage":"fr-FR","@id":"https:\/\/www.depistage-cancer.fr\/centre\/2025\/11\/12\/nouveaux-supports-de-communication-pour-le-depistage-du-cancer-colorectal\/#primaryimage","url":"https:\/\/www.depistage-cancer.fr\/centre\/wp-content\/uploads\/2025\/11\/Article-site-web-.png","contentUrl":"https:\/\/www.depistage-cancer.fr\/centre\/wp-content\/uploads\/2025\/11\/Article-site-web-.png","width":1295,"height":720},{"@type":"BreadcrumbList","@id":"https:\/\/www.depistage-cancer.fr\/centre\/2025\/11\/12\/nouveaux-supports-de-communication-pour-le-depistage-du-cancer-colorectal\/#breadcrumb","itemListElement":[{"@type":"ListItem","position":1,"name":"Accueil","item":"https:\/\/www.depistage-cancer.fr\/centre\/"},{"@type":"ListItem","position":2,"name":"Nouveaux supports de communication pour le d\u00e9pistage du cancer colorectal"}]},{"@type":"WebSite","@id":"https:\/\/www.depistage-cancer.fr\/centre\/#website","url":"https:\/\/www.depistage-cancer.fr\/centre\/","name":"Centre de coordination Centre Val de Loire - D\u00e9pistage des cancers","description":"D\u00e9pister, c&#039;est prot\u00e9ger !","publisher":{"@id":"https:\/\/www.depistage-cancer.fr\/centre\/#organization"},"alternateName":"CRCDC Centre Val de Loire","potentialAction":[{"@type":"SearchAction","target":{"@type":"EntryPoint","urlTemplate":"https:\/\/www.depistage-cancer.fr\/centre\/?s={search_term_string}"},"query-input":{"@type":"PropertyValueSpecification","valueRequired":true,"valueName":"search_term_string"}}],"inLanguage":"fr-FR"},{"@type":"Organization","@id":"https:\/\/www.depistage-cancer.fr\/centre\/#organization","name":"Centre de coordination Centre Val de Loire - D\u00e9pistage des cancers","alternateName":"CRCDC Centre Val de Loire","url":"https:\/\/www.depistage-cancer.fr\/centre\/","logo":{"@type":"ImageObject","inLanguage":"fr-FR","@id":"https:\/\/www.depistage-cancer.fr\/centre\/#\/schema\/logo\/image\/","url":"https:\/\/www.depistage-cancer.fr\/centre\/wp-content\/uploads\/2024\/02\/logo-crcdc-cvl.webp","contentUrl":"https:\/\/www.depistage-cancer.fr\/centre\/wp-content\/uploads\/2024\/02\/logo-crcdc-cvl.webp","width":491,"height":238,"caption":"Centre de coordination Centre Val de Loire - D\u00e9pistage des cancers"},"image":{"@id":"https:\/\/www.depistage-cancer.fr\/centre\/#\/schema\/logo\/image\/"},"sameAs":["https:\/\/www.facebook.com\/Depistagedescancers.CVL","https:\/\/www.youtube.com\/@crcdccentre-valdeloire8386"]},{"@type":"Person","@id":"https:\/\/www.depistage-cancer.fr\/centre\/#\/schema\/person\/3148016ec136ec9efbcc9c10ffbe7653","name":"Emilie VIGNIER","image":{"@type":"ImageObject","inLanguage":"fr-FR","@id":"https:\/\/secure.gravatar.com\/avatar\/f0871e7b823d3067c444ddbb6e106585183a5fa3af7b9bf9f622655e40b6680b?s=96&d=mm&r=g","url":"https:\/\/secure.gravatar.com\/avatar\/f0871e7b823d3067c444ddbb6e106585183a5fa3af7b9bf9f622655e40b6680b?s=96&d=mm&r=g","contentUrl":"https:\/\/secure.gravatar.com\/avatar\/f0871e7b823d3067c444ddbb6e106585183a5fa3af7b9bf9f622655e40b6680b?s=96&d=mm&r=g","caption":"Emilie VIGNIER"},"url":"https:\/\/www.depistage-cancer.fr\/centre\/author\/e-vignier\/"}]}},"_links":{"self":[{"href":"https:\/\/www.depistage-cancer.fr\/centre\/wp-json\/wp\/v2\/posts\/4537","targetHints":{"allow":["GET"]}}],"collection":[{"href":"https:\/\/www.depistage-cancer.fr\/centre\/wp-json\/wp\/v2\/posts"}],"about":[{"href":"https:\/\/www.depistage-cancer.fr\/centre\/wp-json\/wp\/v2\/types\/post"}],"author":[{"embeddable":true,"href":"https:\/\/www.depistage-cancer.fr\/centre\/wp-json\/wp\/v2\/users\/5"}],"replies":[{"embeddable":true,"href":"https:\/\/www.depistage-cancer.fr\/centre\/wp-json\/wp\/v2\/comments?post=4537"}],"version-history":[{"count":2,"href":"https:\/\/www.depistage-cancer.fr\/centre\/wp-json\/wp\/v2\/posts\/4537\/revisions"}],"predecessor-version":[{"id":4547,"href":"https:\/\/www.depistage-cancer.fr\/centre\/wp-json\/wp\/v2\/posts\/4537\/revisions\/4547"}],"wp:featuredmedia":[{"embeddable":true,"href":"https:\/\/www.depistage-cancer.fr\/centre\/wp-json\/wp\/v2\/media\/4538"}],"wp:attachment":[{"href":"https:\/\/www.depistage-cancer.fr\/centre\/wp-json\/wp\/v2\/media?parent=4537"}],"wp:term":[{"taxonomy":"category","embeddable":true,"href":"https:\/\/www.depistage-cancer.fr\/centre\/wp-json\/wp\/v2\/categories?post=4537"},{"taxonomy":"post_tag","embeddable":true,"href":"https:\/\/www.depistage-cancer.fr\/centre\/wp-json\/wp\/v2\/tags?post=4537"}],"curies":[{"name":"wp","href":"https:\/\/api.w.org\/{rel}","templated":true}]}}