{"id":4678,"date":"2026-01-22T15:20:28","date_gmt":"2026-01-22T14:20:28","guid":{"rendered":"https:\/\/www.depistage-cancer.fr\/centre\/?p=4678"},"modified":"2026-01-22T15:20:29","modified_gmt":"2026-01-22T14:20:29","slug":"prevention-et-depistage-du-cancer-du-col-de-luterus-en-eure-et-loir","status":"publish","type":"post","link":"https:\/\/www.depistage-cancer.fr\/centre\/2026\/01\/22\/prevention-et-depistage-du-cancer-du-col-de-luterus-en-eure-et-loir\/","title":{"rendered":"Pr\u00e9vention et d\u00e9pistage du cancer du col de l&rsquo;ut\u00e9rus en Eure-et-Loir"},"content":{"rendered":"\n<p><strong>Le d\u00e9pistage est recommand\u00e9 <\/strong>:<\/p>\n\n\n\n<ul class=\"wp-block-list\">\n<li>Tous les 3 ans pour les femmes de 25 \u00e0 29 ans (apr\u00e8s deux frottis normaux \u00e0 un an d\u2019intervalle)\u00a0<\/li>\n\n\n\n<li>Tous les 5 ans pour les femmes de 30 \u00e0 65 ans.<\/li>\n<\/ul>\n\n\n\n<p><strong>Pourquoi participer ?&nbsp;<\/strong><\/p>\n\n\n\n<p>Un geste simple et rapide : un pr\u00e9l\u00e8vement au niveau de col de l\u2019ut\u00e9rus \u201cfrottis\u201d suffit pour d\u00e9tecter t\u00f4t d\u2019\u00e9ventuelles anomalies.<\/p>\n\n\n\n<p><strong>Les rendez-vous pr\u00e8s de chez moi :\u00a0<\/strong><\/p>\n\n\n\n<figure class=\"wp-block-table\"><table class=\"has-fixed-layout\"><tbody><tr><td><strong>=> Mardi 27 janvier 2026<\/strong> : journ\u00e9e frottis de 9h00 \u00e0 17h00 \u00e0 l&rsquo;\u00e9picerie solidaire \u00ab\u00a0Pass&rsquo;Ages Vauvettes\u00a0\u00bb, 23 avenue Fran\u00e7ois Mitterrand \u00e0 Vernouillet. Pour prendre rendez-vous contactez le 02 37 62 85 30 <\/td><\/tr><tr><td><strong>=> Mercredi 11 f\u00e9vrier 2026<\/strong> : journ\u00e9e frottis de 9h00 \u00e0 17h00 \u00e0 la maison de sant\u00e9 pluridisciplinaire, 1 rue Saint-Exup\u00e9ry \u00e0 Courville sur Eure sur rendez-vous . <a href=\"https:\/\/www.depistage-cancer.fr\/centre\/wp-content\/uploads\/2026\/01\/20260211_JOURNEE-FROTTIS_COURVILLE.pdf\" type=\"link\" id=\"https:\/\/www.depistage-cancer.fr\/centre\/wp-content\/uploads\/2026\/01\/20260211_JOURNEE-FROTTIS_COURVILLE.pdf\">Plus d&rsquo;info ici<\/a><\/td><\/tr><\/tbody><\/table><\/figure>\n\n\n\n<p><\/p>\n","protected":false},"excerpt":{"rendered":"<p>Le d\u00e9pistage est recommand\u00e9 : Pourquoi participer ?&nbsp; Un geste simple et rapide : un pr\u00e9l\u00e8vement au niveau de col de l\u2019ut\u00e9rus \u201cfrottis\u201d suffit pour d\u00e9tecter t\u00f4t d\u2019\u00e9ventuelles anomalies. Les [&hellip;]<\/p>\n","protected":false},"author":3,"featured_media":4679,"comment_status":"closed","ping_status":"closed","sticky":false,"template":"","format":"standard","meta":{"_acf_changed":false,"inline_featured_image":false,"footnotes":""},"categories":[1],"tags":[41,43,51,55],"class_list":["post-4678","post","type-post","status-publish","format-standard","has-post-thumbnail","hentry","category-non-classe","tag-crcdc-centre-val-de-loire","tag-depistage-cancer-du-col-de-luterus","tag-depistage-organise","tag-prevention"],"acf":[],"yoast_head":"<!-- This site is optimized with the Yoast SEO plugin v27.5 - https:\/\/yoast.com\/product\/yoast-seo-wordpress\/ -->\n<title>Pr\u00e9vention et d\u00e9pistage du cancer du col de l&#039;ut\u00e9rus en Eure-et-Loir - Centre de coordination Centre Val de Loire - D\u00e9pistage des cancers<\/title>\n<meta name=\"robots\" content=\"index, follow, max-snippet:-1, max-image-preview:large, max-video-preview:-1\" \/>\n<link rel=\"canonical\" href=\"https:\/\/www.depistage-cancer.fr\/centre\/2026\/01\/22\/prevention-et-depistage-du-cancer-du-col-de-luterus-en-eure-et-loir\/\" \/>\n<meta property=\"og:locale\" content=\"fr_FR\" \/>\n<meta property=\"og:type\" content=\"article\" \/>\n<meta property=\"og:title\" content=\"Pr\u00e9vention et d\u00e9pistage du cancer du col de l&#039;ut\u00e9rus en Eure-et-Loir - Centre de coordination Centre Val de Loire - D\u00e9pistage des cancers\" \/>\n<meta property=\"og:description\" content=\"Le d\u00e9pistage est recommand\u00e9 : Pourquoi participer ?&nbsp; Un geste simple et rapide : un pr\u00e9l\u00e8vement au niveau de col de l\u2019ut\u00e9rus \u201cfrottis\u201d suffit pour d\u00e9tecter t\u00f4t d\u2019\u00e9ventuelles anomalies. Les [&hellip;]\" \/>\n<meta property=\"og:url\" content=\"https:\/\/www.depistage-cancer.fr\/centre\/2026\/01\/22\/prevention-et-depistage-du-cancer-du-col-de-luterus-en-eure-et-loir\/\" \/>\n<meta property=\"og:site_name\" content=\"Centre de coordination Centre Val de Loire - D\u00e9pistage des cancers\" \/>\n<meta property=\"article:publisher\" content=\"https:\/\/www.facebook.com\/Depistagedescancers.CVL\" \/>\n<meta property=\"article:published_time\" content=\"2026-01-22T14:20:28+00:00\" \/>\n<meta property=\"article:modified_time\" content=\"2026-01-22T14:20:29+00:00\" \/>\n<meta property=\"og:image\" content=\"https:\/\/www.depistage-cancer.fr\/centre\/wp-content\/uploads\/2026\/01\/Gab-site-internet-DOCCU-28.png\" \/>\n\t<meta property=\"og:image:width\" content=\"620\" \/>\n\t<meta property=\"og:image:height\" content=\"360\" \/>\n\t<meta property=\"og:image:type\" content=\"image\/png\" \/>\n<meta name=\"author\" content=\"Karine VAILLANT\" \/>\n<meta name=\"twitter:card\" content=\"summary_large_image\" \/>\n<meta name=\"twitter:label1\" content=\"\u00c9crit par\" \/>\n\t<meta name=\"twitter:data1\" content=\"Karine VAILLANT\" \/>\n\t<meta name=\"twitter:label2\" content=\"Dur\u00e9e de lecture estim\u00e9e\" \/>\n\t<meta name=\"twitter:data2\" content=\"1 minute\" \/>\n<script type=\"application\/ld+json\" class=\"yoast-schema-graph\">{\"@context\":\"https:\\\/\\\/schema.org\",\"@graph\":[{\"@type\":\"Article\",\"@id\":\"https:\\\/\\\/www.depistage-cancer.fr\\\/centre\\\/2026\\\/01\\\/22\\\/prevention-et-depistage-du-cancer-du-col-de-luterus-en-eure-et-loir\\\/#article\",\"isPartOf\":{\"@id\":\"https:\\\/\\\/www.depistage-cancer.fr\\\/centre\\\/2026\\\/01\\\/22\\\/prevention-et-depistage-du-cancer-du-col-de-luterus-en-eure-et-loir\\\/\"},\"author\":{\"name\":\"Karine VAILLANT\",\"@id\":\"https:\\\/\\\/www.depistage-cancer.fr\\\/centre\\\/#\\\/schema\\\/person\\\/ebcef65b71153405ce83cbfd232dba06\"},\"headline\":\"Pr\u00e9vention et d\u00e9pistage du cancer du col de l&rsquo;ut\u00e9rus en Eure-et-Loir\",\"datePublished\":\"2026-01-22T14:20:28+00:00\",\"dateModified\":\"2026-01-22T14:20:29+00:00\",\"mainEntityOfPage\":{\"@id\":\"https:\\\/\\\/www.depistage-cancer.fr\\\/centre\\\/2026\\\/01\\\/22\\\/prevention-et-depistage-du-cancer-du-col-de-luterus-en-eure-et-loir\\\/\"},\"wordCount\":129,\"publisher\":{\"@id\":\"https:\\\/\\\/www.depistage-cancer.fr\\\/centre\\\/#organization\"},\"image\":{\"@id\":\"https:\\\/\\\/www.depistage-cancer.fr\\\/centre\\\/2026\\\/01\\\/22\\\/prevention-et-depistage-du-cancer-du-col-de-luterus-en-eure-et-loir\\\/#primaryimage\"},\"thumbnailUrl\":\"https:\\\/\\\/www.depistage-cancer.fr\\\/centre\\\/wp-content\\\/uploads\\\/2026\\\/01\\\/Gab-site-internet-DOCCU-28.png\",\"keywords\":[\"CRCDC Centre Val de Loire\",\"d\u00e9pistage cancer du col de l'ut\u00e9rus\",\"D\u00e9pistage organis\u00e9\",\"Pr\u00e9vention\"],\"inLanguage\":\"fr-FR\"},{\"@type\":\"WebPage\",\"@id\":\"https:\\\/\\\/www.depistage-cancer.fr\\\/centre\\\/2026\\\/01\\\/22\\\/prevention-et-depistage-du-cancer-du-col-de-luterus-en-eure-et-loir\\\/\",\"url\":\"https:\\\/\\\/www.depistage-cancer.fr\\\/centre\\\/2026\\\/01\\\/22\\\/prevention-et-depistage-du-cancer-du-col-de-luterus-en-eure-et-loir\\\/\",\"name\":\"Pr\u00e9vention et d\u00e9pistage du cancer du col de l'ut\u00e9rus en Eure-et-Loir - Centre de coordination Centre Val de Loire - D\u00e9pistage des cancers\",\"isPartOf\":{\"@id\":\"https:\\\/\\\/www.depistage-cancer.fr\\\/centre\\\/#website\"},\"primaryImageOfPage\":{\"@id\":\"https:\\\/\\\/www.depistage-cancer.fr\\\/centre\\\/2026\\\/01\\\/22\\\/prevention-et-depistage-du-cancer-du-col-de-luterus-en-eure-et-loir\\\/#primaryimage\"},\"image\":{\"@id\":\"https:\\\/\\\/www.depistage-cancer.fr\\\/centre\\\/2026\\\/01\\\/22\\\/prevention-et-depistage-du-cancer-du-col-de-luterus-en-eure-et-loir\\\/#primaryimage\"},\"thumbnailUrl\":\"https:\\\/\\\/www.depistage-cancer.fr\\\/centre\\\/wp-content\\\/uploads\\\/2026\\\/01\\\/Gab-site-internet-DOCCU-28.png\",\"datePublished\":\"2026-01-22T14:20:28+00:00\",\"dateModified\":\"2026-01-22T14:20:29+00:00\",\"breadcrumb\":{\"@id\":\"https:\\\/\\\/www.depistage-cancer.fr\\\/centre\\\/2026\\\/01\\\/22\\\/prevention-et-depistage-du-cancer-du-col-de-luterus-en-eure-et-loir\\\/#breadcrumb\"},\"inLanguage\":\"fr-FR\",\"potentialAction\":[{\"@type\":\"ReadAction\",\"target\":[\"https:\\\/\\\/www.depistage-cancer.fr\\\/centre\\\/2026\\\/01\\\/22\\\/prevention-et-depistage-du-cancer-du-col-de-luterus-en-eure-et-loir\\\/\"]}]},{\"@type\":\"ImageObject\",\"inLanguage\":\"fr-FR\",\"@id\":\"https:\\\/\\\/www.depistage-cancer.fr\\\/centre\\\/2026\\\/01\\\/22\\\/prevention-et-depistage-du-cancer-du-col-de-luterus-en-eure-et-loir\\\/#primaryimage\",\"url\":\"https:\\\/\\\/www.depistage-cancer.fr\\\/centre\\\/wp-content\\\/uploads\\\/2026\\\/01\\\/Gab-site-internet-DOCCU-28.png\",\"contentUrl\":\"https:\\\/\\\/www.depistage-cancer.fr\\\/centre\\\/wp-content\\\/uploads\\\/2026\\\/01\\\/Gab-site-internet-DOCCU-28.png\",\"width\":620,\"height\":360},{\"@type\":\"BreadcrumbList\",\"@id\":\"https:\\\/\\\/www.depistage-cancer.fr\\\/centre\\\/2026\\\/01\\\/22\\\/prevention-et-depistage-du-cancer-du-col-de-luterus-en-eure-et-loir\\\/#breadcrumb\",\"itemListElement\":[{\"@type\":\"ListItem\",\"position\":1,\"name\":\"Accueil\",\"item\":\"https:\\\/\\\/www.depistage-cancer.fr\\\/centre\\\/\"},{\"@type\":\"ListItem\",\"position\":2,\"name\":\"Pr\u00e9vention et d\u00e9pistage du cancer du col de l&rsquo;ut\u00e9rus en Eure-et-Loir\"}]},{\"@type\":\"WebSite\",\"@id\":\"https:\\\/\\\/www.depistage-cancer.fr\\\/centre\\\/#website\",\"url\":\"https:\\\/\\\/www.depistage-cancer.fr\\\/centre\\\/\",\"name\":\"Centre de coordination Centre Val de Loire - D\u00e9pistage des cancers\",\"description\":\"D\u00e9pister, c&#039;est prot\u00e9ger !\",\"publisher\":{\"@id\":\"https:\\\/\\\/www.depistage-cancer.fr\\\/centre\\\/#organization\"},\"alternateName\":\"CRCDC Centre Val de Loire\",\"potentialAction\":[{\"@type\":\"SearchAction\",\"target\":{\"@type\":\"EntryPoint\",\"urlTemplate\":\"https:\\\/\\\/www.depistage-cancer.fr\\\/centre\\\/?s={search_term_string}\"},\"query-input\":{\"@type\":\"PropertyValueSpecification\",\"valueRequired\":true,\"valueName\":\"search_term_string\"}}],\"inLanguage\":\"fr-FR\"},{\"@type\":\"Organization\",\"@id\":\"https:\\\/\\\/www.depistage-cancer.fr\\\/centre\\\/#organization\",\"name\":\"Centre de coordination Centre Val de Loire - D\u00e9pistage des cancers\",\"alternateName\":\"CRCDC Centre Val de Loire\",\"url\":\"https:\\\/\\\/www.depistage-cancer.fr\\\/centre\\\/\",\"logo\":{\"@type\":\"ImageObject\",\"inLanguage\":\"fr-FR\",\"@id\":\"https:\\\/\\\/www.depistage-cancer.fr\\\/centre\\\/#\\\/schema\\\/logo\\\/image\\\/\",\"url\":\"https:\\\/\\\/www.depistage-cancer.fr\\\/centre\\\/wp-content\\\/uploads\\\/2024\\\/02\\\/logo-crcdc-cvl.webp\",\"contentUrl\":\"https:\\\/\\\/www.depistage-cancer.fr\\\/centre\\\/wp-content\\\/uploads\\\/2024\\\/02\\\/logo-crcdc-cvl.webp\",\"width\":491,\"height\":238,\"caption\":\"Centre de coordination Centre Val de Loire - D\u00e9pistage des cancers\"},\"image\":{\"@id\":\"https:\\\/\\\/www.depistage-cancer.fr\\\/centre\\\/#\\\/schema\\\/logo\\\/image\\\/\"},\"sameAs\":[\"https:\\\/\\\/www.facebook.com\\\/Depistagedescancers.CVL\",\"https:\\\/\\\/www.youtube.com\\\/@crcdccentre-valdeloire8386\"]},{\"@type\":\"Person\",\"@id\":\"https:\\\/\\\/www.depistage-cancer.fr\\\/centre\\\/#\\\/schema\\\/person\\\/ebcef65b71153405ce83cbfd232dba06\",\"name\":\"Karine VAILLANT\",\"image\":{\"@type\":\"ImageObject\",\"inLanguage\":\"fr-FR\",\"@id\":\"https:\\\/\\\/secure.gravatar.com\\\/avatar\\\/cab6e614a498aa04122a01df57b74090b52f2bbe5e62a49d1123fe16b3ac776c?s=96&d=mm&r=g\",\"url\":\"https:\\\/\\\/secure.gravatar.com\\\/avatar\\\/cab6e614a498aa04122a01df57b74090b52f2bbe5e62a49d1123fe16b3ac776c?s=96&d=mm&r=g\",\"contentUrl\":\"https:\\\/\\\/secure.gravatar.com\\\/avatar\\\/cab6e614a498aa04122a01df57b74090b52f2bbe5e62a49d1123fe16b3ac776c?s=96&d=mm&r=g\",\"caption\":\"Karine VAILLANT\"},\"url\":\"https:\\\/\\\/www.depistage-cancer.fr\\\/centre\\\/author\\\/k-vaillant\\\/\"}]}<\/script>\n<!-- \/ Yoast SEO plugin. -->","yoast_head_json":{"title":"Pr\u00e9vention et d\u00e9pistage du cancer du col de l'ut\u00e9rus en Eure-et-Loir - Centre de coordination Centre Val de Loire - D\u00e9pistage des cancers","robots":{"index":"index","follow":"follow","max-snippet":"max-snippet:-1","max-image-preview":"max-image-preview:large","max-video-preview":"max-video-preview:-1"},"canonical":"https:\/\/www.depistage-cancer.fr\/centre\/2026\/01\/22\/prevention-et-depistage-du-cancer-du-col-de-luterus-en-eure-et-loir\/","og_locale":"fr_FR","og_type":"article","og_title":"Pr\u00e9vention et d\u00e9pistage du cancer du col de l'ut\u00e9rus en Eure-et-Loir - Centre de coordination Centre Val de Loire - D\u00e9pistage des cancers","og_description":"Le d\u00e9pistage est recommand\u00e9 : Pourquoi participer ?&nbsp; Un geste simple et rapide : un pr\u00e9l\u00e8vement au niveau de col de l\u2019ut\u00e9rus \u201cfrottis\u201d suffit pour d\u00e9tecter t\u00f4t d\u2019\u00e9ventuelles anomalies. Les [&hellip;]","og_url":"https:\/\/www.depistage-cancer.fr\/centre\/2026\/01\/22\/prevention-et-depistage-du-cancer-du-col-de-luterus-en-eure-et-loir\/","og_site_name":"Centre de coordination Centre Val de Loire - D\u00e9pistage des cancers","article_publisher":"https:\/\/www.facebook.com\/Depistagedescancers.CVL","article_published_time":"2026-01-22T14:20:28+00:00","article_modified_time":"2026-01-22T14:20:29+00:00","og_image":[{"width":620,"height":360,"url":"https:\/\/www.depistage-cancer.fr\/centre\/wp-content\/uploads\/2026\/01\/Gab-site-internet-DOCCU-28.png","type":"image\/png"}],"author":"Karine VAILLANT","twitter_card":"summary_large_image","twitter_misc":{"\u00c9crit par":"Karine VAILLANT","Dur\u00e9e de lecture estim\u00e9e":"1 minute"},"schema":{"@context":"https:\/\/schema.org","@graph":[{"@type":"Article","@id":"https:\/\/www.depistage-cancer.fr\/centre\/2026\/01\/22\/prevention-et-depistage-du-cancer-du-col-de-luterus-en-eure-et-loir\/#article","isPartOf":{"@id":"https:\/\/www.depistage-cancer.fr\/centre\/2026\/01\/22\/prevention-et-depistage-du-cancer-du-col-de-luterus-en-eure-et-loir\/"},"author":{"name":"Karine VAILLANT","@id":"https:\/\/www.depistage-cancer.fr\/centre\/#\/schema\/person\/ebcef65b71153405ce83cbfd232dba06"},"headline":"Pr\u00e9vention et d\u00e9pistage du cancer du col de l&rsquo;ut\u00e9rus en Eure-et-Loir","datePublished":"2026-01-22T14:20:28+00:00","dateModified":"2026-01-22T14:20:29+00:00","mainEntityOfPage":{"@id":"https:\/\/www.depistage-cancer.fr\/centre\/2026\/01\/22\/prevention-et-depistage-du-cancer-du-col-de-luterus-en-eure-et-loir\/"},"wordCount":129,"publisher":{"@id":"https:\/\/www.depistage-cancer.fr\/centre\/#organization"},"image":{"@id":"https:\/\/www.depistage-cancer.fr\/centre\/2026\/01\/22\/prevention-et-depistage-du-cancer-du-col-de-luterus-en-eure-et-loir\/#primaryimage"},"thumbnailUrl":"https:\/\/www.depistage-cancer.fr\/centre\/wp-content\/uploads\/2026\/01\/Gab-site-internet-DOCCU-28.png","keywords":["CRCDC Centre Val de Loire","d\u00e9pistage cancer du col de l'ut\u00e9rus","D\u00e9pistage organis\u00e9","Pr\u00e9vention"],"inLanguage":"fr-FR"},{"@type":"WebPage","@id":"https:\/\/www.depistage-cancer.fr\/centre\/2026\/01\/22\/prevention-et-depistage-du-cancer-du-col-de-luterus-en-eure-et-loir\/","url":"https:\/\/www.depistage-cancer.fr\/centre\/2026\/01\/22\/prevention-et-depistage-du-cancer-du-col-de-luterus-en-eure-et-loir\/","name":"Pr\u00e9vention et d\u00e9pistage du cancer du col de l'ut\u00e9rus en Eure-et-Loir - Centre de coordination Centre Val de Loire - D\u00e9pistage des cancers","isPartOf":{"@id":"https:\/\/www.depistage-cancer.fr\/centre\/#website"},"primaryImageOfPage":{"@id":"https:\/\/www.depistage-cancer.fr\/centre\/2026\/01\/22\/prevention-et-depistage-du-cancer-du-col-de-luterus-en-eure-et-loir\/#primaryimage"},"image":{"@id":"https:\/\/www.depistage-cancer.fr\/centre\/2026\/01\/22\/prevention-et-depistage-du-cancer-du-col-de-luterus-en-eure-et-loir\/#primaryimage"},"thumbnailUrl":"https:\/\/www.depistage-cancer.fr\/centre\/wp-content\/uploads\/2026\/01\/Gab-site-internet-DOCCU-28.png","datePublished":"2026-01-22T14:20:28+00:00","dateModified":"2026-01-22T14:20:29+00:00","breadcrumb":{"@id":"https:\/\/www.depistage-cancer.fr\/centre\/2026\/01\/22\/prevention-et-depistage-du-cancer-du-col-de-luterus-en-eure-et-loir\/#breadcrumb"},"inLanguage":"fr-FR","potentialAction":[{"@type":"ReadAction","target":["https:\/\/www.depistage-cancer.fr\/centre\/2026\/01\/22\/prevention-et-depistage-du-cancer-du-col-de-luterus-en-eure-et-loir\/"]}]},{"@type":"ImageObject","inLanguage":"fr-FR","@id":"https:\/\/www.depistage-cancer.fr\/centre\/2026\/01\/22\/prevention-et-depistage-du-cancer-du-col-de-luterus-en-eure-et-loir\/#primaryimage","url":"https:\/\/www.depistage-cancer.fr\/centre\/wp-content\/uploads\/2026\/01\/Gab-site-internet-DOCCU-28.png","contentUrl":"https:\/\/www.depistage-cancer.fr\/centre\/wp-content\/uploads\/2026\/01\/Gab-site-internet-DOCCU-28.png","width":620,"height":360},{"@type":"BreadcrumbList","@id":"https:\/\/www.depistage-cancer.fr\/centre\/2026\/01\/22\/prevention-et-depistage-du-cancer-du-col-de-luterus-en-eure-et-loir\/#breadcrumb","itemListElement":[{"@type":"ListItem","position":1,"name":"Accueil","item":"https:\/\/www.depistage-cancer.fr\/centre\/"},{"@type":"ListItem","position":2,"name":"Pr\u00e9vention et d\u00e9pistage du cancer du col de l&rsquo;ut\u00e9rus en Eure-et-Loir"}]},{"@type":"WebSite","@id":"https:\/\/www.depistage-cancer.fr\/centre\/#website","url":"https:\/\/www.depistage-cancer.fr\/centre\/","name":"Centre de coordination Centre Val de Loire - D\u00e9pistage des cancers","description":"D\u00e9pister, c&#039;est prot\u00e9ger !","publisher":{"@id":"https:\/\/www.depistage-cancer.fr\/centre\/#organization"},"alternateName":"CRCDC Centre Val de Loire","potentialAction":[{"@type":"SearchAction","target":{"@type":"EntryPoint","urlTemplate":"https:\/\/www.depistage-cancer.fr\/centre\/?s={search_term_string}"},"query-input":{"@type":"PropertyValueSpecification","valueRequired":true,"valueName":"search_term_string"}}],"inLanguage":"fr-FR"},{"@type":"Organization","@id":"https:\/\/www.depistage-cancer.fr\/centre\/#organization","name":"Centre de coordination Centre Val de Loire - D\u00e9pistage des cancers","alternateName":"CRCDC Centre Val de Loire","url":"https:\/\/www.depistage-cancer.fr\/centre\/","logo":{"@type":"ImageObject","inLanguage":"fr-FR","@id":"https:\/\/www.depistage-cancer.fr\/centre\/#\/schema\/logo\/image\/","url":"https:\/\/www.depistage-cancer.fr\/centre\/wp-content\/uploads\/2024\/02\/logo-crcdc-cvl.webp","contentUrl":"https:\/\/www.depistage-cancer.fr\/centre\/wp-content\/uploads\/2024\/02\/logo-crcdc-cvl.webp","width":491,"height":238,"caption":"Centre de coordination Centre Val de Loire - D\u00e9pistage des cancers"},"image":{"@id":"https:\/\/www.depistage-cancer.fr\/centre\/#\/schema\/logo\/image\/"},"sameAs":["https:\/\/www.facebook.com\/Depistagedescancers.CVL","https:\/\/www.youtube.com\/@crcdccentre-valdeloire8386"]},{"@type":"Person","@id":"https:\/\/www.depistage-cancer.fr\/centre\/#\/schema\/person\/ebcef65b71153405ce83cbfd232dba06","name":"Karine VAILLANT","image":{"@type":"ImageObject","inLanguage":"fr-FR","@id":"https:\/\/secure.gravatar.com\/avatar\/cab6e614a498aa04122a01df57b74090b52f2bbe5e62a49d1123fe16b3ac776c?s=96&d=mm&r=g","url":"https:\/\/secure.gravatar.com\/avatar\/cab6e614a498aa04122a01df57b74090b52f2bbe5e62a49d1123fe16b3ac776c?s=96&d=mm&r=g","contentUrl":"https:\/\/secure.gravatar.com\/avatar\/cab6e614a498aa04122a01df57b74090b52f2bbe5e62a49d1123fe16b3ac776c?s=96&d=mm&r=g","caption":"Karine VAILLANT"},"url":"https:\/\/www.depistage-cancer.fr\/centre\/author\/k-vaillant\/"}]}},"_links":{"self":[{"href":"https:\/\/www.depistage-cancer.fr\/centre\/wp-json\/wp\/v2\/posts\/4678","targetHints":{"allow":["GET"]}}],"collection":[{"href":"https:\/\/www.depistage-cancer.fr\/centre\/wp-json\/wp\/v2\/posts"}],"about":[{"href":"https:\/\/www.depistage-cancer.fr\/centre\/wp-json\/wp\/v2\/types\/post"}],"author":[{"embeddable":true,"href":"https:\/\/www.depistage-cancer.fr\/centre\/wp-json\/wp\/v2\/users\/3"}],"replies":[{"embeddable":true,"href":"https:\/\/www.depistage-cancer.fr\/centre\/wp-json\/wp\/v2\/comments?post=4678"}],"version-history":[{"count":2,"href":"https:\/\/www.depistage-cancer.fr\/centre\/wp-json\/wp\/v2\/posts\/4678\/revisions"}],"predecessor-version":[{"id":4682,"href":"https:\/\/www.depistage-cancer.fr\/centre\/wp-json\/wp\/v2\/posts\/4678\/revisions\/4682"}],"wp:featuredmedia":[{"embeddable":true,"href":"https:\/\/www.depistage-cancer.fr\/centre\/wp-json\/wp\/v2\/media\/4679"}],"wp:attachment":[{"href":"https:\/\/www.depistage-cancer.fr\/centre\/wp-json\/wp\/v2\/media?parent=4678"}],"wp:term":[{"taxonomy":"category","embeddable":true,"href":"https:\/\/www.depistage-cancer.fr\/centre\/wp-json\/wp\/v2\/categories?post=4678"},{"taxonomy":"post_tag","embeddable":true,"href":"https:\/\/www.depistage-cancer.fr\/centre\/wp-json\/wp\/v2\/tags?post=4678"}],"curies":[{"name":"wp","href":"https:\/\/api.w.org\/{rel}","templated":true}]}}