{"id":4683,"date":"2026-01-27T15:23:56","date_gmt":"2026-01-27T14:23:56","guid":{"rendered":"https:\/\/www.depistage-cancer.fr\/centre\/?p=4683"},"modified":"2026-01-27T15:36:54","modified_gmt":"2026-01-27T14:36:54","slug":"communique-de-presse-du-crcdc-centre-val-de-loire-depistage-du-cancer-du-col-de-luterus","status":"publish","type":"post","link":"https:\/\/www.depistage-cancer.fr\/centre\/2026\/01\/27\/communique-de-presse-du-crcdc-centre-val-de-loire-depistage-du-cancer-du-col-de-luterus\/","title":{"rendered":"COMMUNIQUE DE PRESSE DU CRCDC Centre Val de Loire \u2013 D\u00e9pistage du cancer du col de l&rsquo;ut\u00e9rus"},"content":{"rendered":"\n<p>Dans le cadre de la semaine europ\u00e9enne de pr\u00e9vention et de d\u00e9pistage du cancer du col de l&rsquo;ut\u00e9rus, le communiqu\u00e9 de presse du Centre R\u00e9gional de Coordination des D\u00e9pistages des Cancers Centre-Val de Loire est disponible<\/p>\n\n\n\n<figure class=\"wp-block-image size-large is-style-default\"><a href=\"https:\/\/www.depistage-cancer.fr\/centre\/wp-content\/uploads\/2026\/01\/CP-DOCCU-2026_CRCDC.pdf\"><img decoding=\"async\" width=\"724\" height=\"1024\" data-src=\"https:\/\/www.depistage-cancer.fr\/centre\/wp-content\/uploads\/2026\/01\/CP-DOCCU-2026_CRCDC-724x1024.png\" alt=\"\" class=\"wp-image-4687 lazyload\" data-srcset=\"https:\/\/www.depistage-cancer.fr\/centre\/wp-content\/uploads\/2026\/01\/CP-DOCCU-2026_CRCDC-724x1024.png 724w, https:\/\/www.depistage-cancer.fr\/centre\/wp-content\/uploads\/2026\/01\/CP-DOCCU-2026_CRCDC-212x300.png 212w, https:\/\/www.depistage-cancer.fr\/centre\/wp-content\/uploads\/2026\/01\/CP-DOCCU-2026_CRCDC-768x1086.png 768w, https:\/\/www.depistage-cancer.fr\/centre\/wp-content\/uploads\/2026\/01\/CP-DOCCU-2026_CRCDC-1086x1536.png 1086w, https:\/\/www.depistage-cancer.fr\/centre\/wp-content\/uploads\/2026\/01\/CP-DOCCU-2026_CRCDC-1448x2048.png 1448w, https:\/\/www.depistage-cancer.fr\/centre\/wp-content\/uploads\/2026\/01\/CP-DOCCU-2026_CRCDC.png 1654w\" data-sizes=\"(max-width: 724px) 100vw, 724px\" src=\"data:image\/svg+xml;base64,PHN2ZyB3aWR0aD0iMSIgaGVpZ2h0PSIxIiB4bWxucz0iaHR0cDovL3d3dy53My5vcmcvMjAwMC9zdmciPjwvc3ZnPg==\" style=\"--smush-placeholder-width: 724px; --smush-placeholder-aspect-ratio: 724\/1024;\" \/><\/a><\/figure>\n","protected":false},"excerpt":{"rendered":"<p>Dans le cadre de la semaine europ\u00e9enne de pr\u00e9vention et de d\u00e9pistage du cancer du col de l&rsquo;ut\u00e9rus, le communiqu\u00e9 de presse du Centre R\u00e9gional de Coordination des D\u00e9pistages des [&hellip;]<\/p>\n","protected":false},"author":3,"featured_media":4692,"comment_status":"closed","ping_status":"closed","sticky":false,"template":"","format":"standard","meta":{"_acf_changed":false,"inline_featured_image":false,"footnotes":""},"categories":[1],"tags":[41,53,43,55],"class_list":["post-4683","post","type-post","status-publish","format-standard","has-post-thumbnail","hentry","category-non-classe","tag-crcdc-centre-val-de-loire","tag-depistage","tag-depistage-cancer-du-col-de-luterus","tag-prevention"],"acf":[],"yoast_head":"<!-- This site is optimized with the Yoast SEO plugin v27.5 - https:\/\/yoast.com\/product\/yoast-seo-wordpress\/ -->\n<title>COMMUNIQUE DE PRESSE DU CRCDC Centre Val de Loire \u2013 D\u00e9pistage du cancer du col de l&#039;ut\u00e9rus - Centre de coordination Centre Val de Loire - D\u00e9pistage des cancers<\/title>\n<meta name=\"robots\" content=\"index, follow, max-snippet:-1, max-image-preview:large, max-video-preview:-1\" \/>\n<link rel=\"canonical\" href=\"https:\/\/www.depistage-cancer.fr\/centre\/2026\/01\/27\/communique-de-presse-du-crcdc-centre-val-de-loire-depistage-du-cancer-du-col-de-luterus\/\" \/>\n<meta property=\"og:locale\" content=\"fr_FR\" \/>\n<meta property=\"og:type\" content=\"article\" \/>\n<meta property=\"og:title\" content=\"COMMUNIQUE DE PRESSE DU CRCDC Centre Val de Loire \u2013 D\u00e9pistage du cancer du col de l&#039;ut\u00e9rus - Centre de coordination Centre Val de Loire - D\u00e9pistage des cancers\" \/>\n<meta property=\"og:description\" content=\"Dans le cadre de la semaine europ\u00e9enne de pr\u00e9vention et de d\u00e9pistage du cancer du col de l&rsquo;ut\u00e9rus, le communiqu\u00e9 de presse du Centre R\u00e9gional de Coordination des D\u00e9pistages des [&hellip;]\" \/>\n<meta property=\"og:url\" content=\"https:\/\/www.depistage-cancer.fr\/centre\/2026\/01\/27\/communique-de-presse-du-crcdc-centre-val-de-loire-depistage-du-cancer-du-col-de-luterus\/\" \/>\n<meta property=\"og:site_name\" content=\"Centre de coordination Centre Val de Loire - D\u00e9pistage des cancers\" \/>\n<meta property=\"article:publisher\" content=\"https:\/\/www.facebook.com\/Depistagedescancers.CVL\" \/>\n<meta property=\"article:published_time\" content=\"2026-01-27T14:23:56+00:00\" \/>\n<meta property=\"article:modified_time\" content=\"2026-01-27T14:36:54+00:00\" \/>\n<meta property=\"og:image\" content=\"https:\/\/www.depistage-cancer.fr\/centre\/wp-content\/uploads\/2026\/01\/CP-DOCCU-2026.png\" \/>\n\t<meta property=\"og:image:width\" content=\"620\" \/>\n\t<meta property=\"og:image:height\" content=\"360\" \/>\n\t<meta property=\"og:image:type\" content=\"image\/png\" \/>\n<meta name=\"author\" content=\"Karine VAILLANT\" \/>\n<meta name=\"twitter:card\" content=\"summary_large_image\" \/>\n<meta name=\"twitter:label1\" content=\"\u00c9crit par\" \/>\n\t<meta name=\"twitter:data1\" content=\"Karine VAILLANT\" \/>\n\t<meta name=\"twitter:label2\" content=\"Dur\u00e9e de lecture estim\u00e9e\" \/>\n\t<meta name=\"twitter:data2\" content=\"1 minute\" \/>\n<script type=\"application\/ld+json\" class=\"yoast-schema-graph\">{\"@context\":\"https:\\\/\\\/schema.org\",\"@graph\":[{\"@type\":\"Article\",\"@id\":\"https:\\\/\\\/www.depistage-cancer.fr\\\/centre\\\/2026\\\/01\\\/27\\\/communique-de-presse-du-crcdc-centre-val-de-loire-depistage-du-cancer-du-col-de-luterus\\\/#article\",\"isPartOf\":{\"@id\":\"https:\\\/\\\/www.depistage-cancer.fr\\\/centre\\\/2026\\\/01\\\/27\\\/communique-de-presse-du-crcdc-centre-val-de-loire-depistage-du-cancer-du-col-de-luterus\\\/\"},\"author\":{\"name\":\"Karine VAILLANT\",\"@id\":\"https:\\\/\\\/www.depistage-cancer.fr\\\/centre\\\/#\\\/schema\\\/person\\\/ebcef65b71153405ce83cbfd232dba06\"},\"headline\":\"COMMUNIQUE DE PRESSE DU CRCDC Centre Val de Loire \u2013 D\u00e9pistage du cancer du col de l&rsquo;ut\u00e9rus\",\"datePublished\":\"2026-01-27T14:23:56+00:00\",\"dateModified\":\"2026-01-27T14:36:54+00:00\",\"mainEntityOfPage\":{\"@id\":\"https:\\\/\\\/www.depistage-cancer.fr\\\/centre\\\/2026\\\/01\\\/27\\\/communique-de-presse-du-crcdc-centre-val-de-loire-depistage-du-cancer-du-col-de-luterus\\\/\"},\"wordCount\":60,\"publisher\":{\"@id\":\"https:\\\/\\\/www.depistage-cancer.fr\\\/centre\\\/#organization\"},\"image\":{\"@id\":\"https:\\\/\\\/www.depistage-cancer.fr\\\/centre\\\/2026\\\/01\\\/27\\\/communique-de-presse-du-crcdc-centre-val-de-loire-depistage-du-cancer-du-col-de-luterus\\\/#primaryimage\"},\"thumbnailUrl\":\"https:\\\/\\\/www.depistage-cancer.fr\\\/centre\\\/wp-content\\\/uploads\\\/2026\\\/01\\\/CP-DOCCU-2026.png\",\"keywords\":[\"CRCDC Centre Val de Loire\",\"D\u00e9pistage\",\"d\u00e9pistage cancer du col de l'ut\u00e9rus\",\"Pr\u00e9vention\"],\"inLanguage\":\"fr-FR\"},{\"@type\":\"WebPage\",\"@id\":\"https:\\\/\\\/www.depistage-cancer.fr\\\/centre\\\/2026\\\/01\\\/27\\\/communique-de-presse-du-crcdc-centre-val-de-loire-depistage-du-cancer-du-col-de-luterus\\\/\",\"url\":\"https:\\\/\\\/www.depistage-cancer.fr\\\/centre\\\/2026\\\/01\\\/27\\\/communique-de-presse-du-crcdc-centre-val-de-loire-depistage-du-cancer-du-col-de-luterus\\\/\",\"name\":\"COMMUNIQUE DE PRESSE DU CRCDC Centre Val de Loire \u2013 D\u00e9pistage du cancer du col de l'ut\u00e9rus - Centre de coordination Centre Val de Loire - D\u00e9pistage des cancers\",\"isPartOf\":{\"@id\":\"https:\\\/\\\/www.depistage-cancer.fr\\\/centre\\\/#website\"},\"primaryImageOfPage\":{\"@id\":\"https:\\\/\\\/www.depistage-cancer.fr\\\/centre\\\/2026\\\/01\\\/27\\\/communique-de-presse-du-crcdc-centre-val-de-loire-depistage-du-cancer-du-col-de-luterus\\\/#primaryimage\"},\"image\":{\"@id\":\"https:\\\/\\\/www.depistage-cancer.fr\\\/centre\\\/2026\\\/01\\\/27\\\/communique-de-presse-du-crcdc-centre-val-de-loire-depistage-du-cancer-du-col-de-luterus\\\/#primaryimage\"},\"thumbnailUrl\":\"https:\\\/\\\/www.depistage-cancer.fr\\\/centre\\\/wp-content\\\/uploads\\\/2026\\\/01\\\/CP-DOCCU-2026.png\",\"datePublished\":\"2026-01-27T14:23:56+00:00\",\"dateModified\":\"2026-01-27T14:36:54+00:00\",\"breadcrumb\":{\"@id\":\"https:\\\/\\\/www.depistage-cancer.fr\\\/centre\\\/2026\\\/01\\\/27\\\/communique-de-presse-du-crcdc-centre-val-de-loire-depistage-du-cancer-du-col-de-luterus\\\/#breadcrumb\"},\"inLanguage\":\"fr-FR\",\"potentialAction\":[{\"@type\":\"ReadAction\",\"target\":[\"https:\\\/\\\/www.depistage-cancer.fr\\\/centre\\\/2026\\\/01\\\/27\\\/communique-de-presse-du-crcdc-centre-val-de-loire-depistage-du-cancer-du-col-de-luterus\\\/\"]}]},{\"@type\":\"ImageObject\",\"inLanguage\":\"fr-FR\",\"@id\":\"https:\\\/\\\/www.depistage-cancer.fr\\\/centre\\\/2026\\\/01\\\/27\\\/communique-de-presse-du-crcdc-centre-val-de-loire-depistage-du-cancer-du-col-de-luterus\\\/#primaryimage\",\"url\":\"https:\\\/\\\/www.depistage-cancer.fr\\\/centre\\\/wp-content\\\/uploads\\\/2026\\\/01\\\/CP-DOCCU-2026.png\",\"contentUrl\":\"https:\\\/\\\/www.depistage-cancer.fr\\\/centre\\\/wp-content\\\/uploads\\\/2026\\\/01\\\/CP-DOCCU-2026.png\",\"width\":620,\"height\":360},{\"@type\":\"BreadcrumbList\",\"@id\":\"https:\\\/\\\/www.depistage-cancer.fr\\\/centre\\\/2026\\\/01\\\/27\\\/communique-de-presse-du-crcdc-centre-val-de-loire-depistage-du-cancer-du-col-de-luterus\\\/#breadcrumb\",\"itemListElement\":[{\"@type\":\"ListItem\",\"position\":1,\"name\":\"Accueil\",\"item\":\"https:\\\/\\\/www.depistage-cancer.fr\\\/centre\\\/\"},{\"@type\":\"ListItem\",\"position\":2,\"name\":\"COMMUNIQUE DE PRESSE DU CRCDC Centre Val de Loire \u2013 D\u00e9pistage du cancer du col de l&rsquo;ut\u00e9rus\"}]},{\"@type\":\"WebSite\",\"@id\":\"https:\\\/\\\/www.depistage-cancer.fr\\\/centre\\\/#website\",\"url\":\"https:\\\/\\\/www.depistage-cancer.fr\\\/centre\\\/\",\"name\":\"Centre de coordination Centre Val de Loire - D\u00e9pistage des cancers\",\"description\":\"D\u00e9pister, c&#039;est prot\u00e9ger !\",\"publisher\":{\"@id\":\"https:\\\/\\\/www.depistage-cancer.fr\\\/centre\\\/#organization\"},\"alternateName\":\"CRCDC Centre Val de Loire\",\"potentialAction\":[{\"@type\":\"SearchAction\",\"target\":{\"@type\":\"EntryPoint\",\"urlTemplate\":\"https:\\\/\\\/www.depistage-cancer.fr\\\/centre\\\/?s={search_term_string}\"},\"query-input\":{\"@type\":\"PropertyValueSpecification\",\"valueRequired\":true,\"valueName\":\"search_term_string\"}}],\"inLanguage\":\"fr-FR\"},{\"@type\":\"Organization\",\"@id\":\"https:\\\/\\\/www.depistage-cancer.fr\\\/centre\\\/#organization\",\"name\":\"Centre de coordination Centre Val de Loire - D\u00e9pistage des cancers\",\"alternateName\":\"CRCDC Centre Val de Loire\",\"url\":\"https:\\\/\\\/www.depistage-cancer.fr\\\/centre\\\/\",\"logo\":{\"@type\":\"ImageObject\",\"inLanguage\":\"fr-FR\",\"@id\":\"https:\\\/\\\/www.depistage-cancer.fr\\\/centre\\\/#\\\/schema\\\/logo\\\/image\\\/\",\"url\":\"https:\\\/\\\/www.depistage-cancer.fr\\\/centre\\\/wp-content\\\/uploads\\\/2024\\\/02\\\/logo-crcdc-cvl.webp\",\"contentUrl\":\"https:\\\/\\\/www.depistage-cancer.fr\\\/centre\\\/wp-content\\\/uploads\\\/2024\\\/02\\\/logo-crcdc-cvl.webp\",\"width\":491,\"height\":238,\"caption\":\"Centre de coordination Centre Val de Loire - D\u00e9pistage des cancers\"},\"image\":{\"@id\":\"https:\\\/\\\/www.depistage-cancer.fr\\\/centre\\\/#\\\/schema\\\/logo\\\/image\\\/\"},\"sameAs\":[\"https:\\\/\\\/www.facebook.com\\\/Depistagedescancers.CVL\",\"https:\\\/\\\/www.youtube.com\\\/@crcdccentre-valdeloire8386\"]},{\"@type\":\"Person\",\"@id\":\"https:\\\/\\\/www.depistage-cancer.fr\\\/centre\\\/#\\\/schema\\\/person\\\/ebcef65b71153405ce83cbfd232dba06\",\"name\":\"Karine VAILLANT\",\"image\":{\"@type\":\"ImageObject\",\"inLanguage\":\"fr-FR\",\"@id\":\"https:\\\/\\\/secure.gravatar.com\\\/avatar\\\/cab6e614a498aa04122a01df57b74090b52f2bbe5e62a49d1123fe16b3ac776c?s=96&d=mm&r=g\",\"url\":\"https:\\\/\\\/secure.gravatar.com\\\/avatar\\\/cab6e614a498aa04122a01df57b74090b52f2bbe5e62a49d1123fe16b3ac776c?s=96&d=mm&r=g\",\"contentUrl\":\"https:\\\/\\\/secure.gravatar.com\\\/avatar\\\/cab6e614a498aa04122a01df57b74090b52f2bbe5e62a49d1123fe16b3ac776c?s=96&d=mm&r=g\",\"caption\":\"Karine VAILLANT\"},\"url\":\"https:\\\/\\\/www.depistage-cancer.fr\\\/centre\\\/author\\\/k-vaillant\\\/\"}]}<\/script>\n<!-- \/ Yoast SEO plugin. -->","yoast_head_json":{"title":"COMMUNIQUE DE PRESSE DU CRCDC Centre Val de Loire \u2013 D\u00e9pistage du cancer du col de l'ut\u00e9rus - Centre de coordination Centre Val de Loire - D\u00e9pistage des cancers","robots":{"index":"index","follow":"follow","max-snippet":"max-snippet:-1","max-image-preview":"max-image-preview:large","max-video-preview":"max-video-preview:-1"},"canonical":"https:\/\/www.depistage-cancer.fr\/centre\/2026\/01\/27\/communique-de-presse-du-crcdc-centre-val-de-loire-depistage-du-cancer-du-col-de-luterus\/","og_locale":"fr_FR","og_type":"article","og_title":"COMMUNIQUE DE PRESSE DU CRCDC Centre Val de Loire \u2013 D\u00e9pistage du cancer du col de l'ut\u00e9rus - Centre de coordination Centre Val de Loire - D\u00e9pistage des cancers","og_description":"Dans le cadre de la semaine europ\u00e9enne de pr\u00e9vention et de d\u00e9pistage du cancer du col de l&rsquo;ut\u00e9rus, le communiqu\u00e9 de presse du Centre R\u00e9gional de Coordination des D\u00e9pistages des [&hellip;]","og_url":"https:\/\/www.depistage-cancer.fr\/centre\/2026\/01\/27\/communique-de-presse-du-crcdc-centre-val-de-loire-depistage-du-cancer-du-col-de-luterus\/","og_site_name":"Centre de coordination Centre Val de Loire - D\u00e9pistage des cancers","article_publisher":"https:\/\/www.facebook.com\/Depistagedescancers.CVL","article_published_time":"2026-01-27T14:23:56+00:00","article_modified_time":"2026-01-27T14:36:54+00:00","og_image":[{"width":620,"height":360,"url":"https:\/\/www.depistage-cancer.fr\/centre\/wp-content\/uploads\/2026\/01\/CP-DOCCU-2026.png","type":"image\/png"}],"author":"Karine VAILLANT","twitter_card":"summary_large_image","twitter_misc":{"\u00c9crit par":"Karine VAILLANT","Dur\u00e9e de lecture estim\u00e9e":"1 minute"},"schema":{"@context":"https:\/\/schema.org","@graph":[{"@type":"Article","@id":"https:\/\/www.depistage-cancer.fr\/centre\/2026\/01\/27\/communique-de-presse-du-crcdc-centre-val-de-loire-depistage-du-cancer-du-col-de-luterus\/#article","isPartOf":{"@id":"https:\/\/www.depistage-cancer.fr\/centre\/2026\/01\/27\/communique-de-presse-du-crcdc-centre-val-de-loire-depistage-du-cancer-du-col-de-luterus\/"},"author":{"name":"Karine VAILLANT","@id":"https:\/\/www.depistage-cancer.fr\/centre\/#\/schema\/person\/ebcef65b71153405ce83cbfd232dba06"},"headline":"COMMUNIQUE DE PRESSE DU CRCDC Centre Val de Loire \u2013 D\u00e9pistage du cancer du col de l&rsquo;ut\u00e9rus","datePublished":"2026-01-27T14:23:56+00:00","dateModified":"2026-01-27T14:36:54+00:00","mainEntityOfPage":{"@id":"https:\/\/www.depistage-cancer.fr\/centre\/2026\/01\/27\/communique-de-presse-du-crcdc-centre-val-de-loire-depistage-du-cancer-du-col-de-luterus\/"},"wordCount":60,"publisher":{"@id":"https:\/\/www.depistage-cancer.fr\/centre\/#organization"},"image":{"@id":"https:\/\/www.depistage-cancer.fr\/centre\/2026\/01\/27\/communique-de-presse-du-crcdc-centre-val-de-loire-depistage-du-cancer-du-col-de-luterus\/#primaryimage"},"thumbnailUrl":"https:\/\/www.depistage-cancer.fr\/centre\/wp-content\/uploads\/2026\/01\/CP-DOCCU-2026.png","keywords":["CRCDC Centre Val de Loire","D\u00e9pistage","d\u00e9pistage cancer du col de l'ut\u00e9rus","Pr\u00e9vention"],"inLanguage":"fr-FR"},{"@type":"WebPage","@id":"https:\/\/www.depistage-cancer.fr\/centre\/2026\/01\/27\/communique-de-presse-du-crcdc-centre-val-de-loire-depistage-du-cancer-du-col-de-luterus\/","url":"https:\/\/www.depistage-cancer.fr\/centre\/2026\/01\/27\/communique-de-presse-du-crcdc-centre-val-de-loire-depistage-du-cancer-du-col-de-luterus\/","name":"COMMUNIQUE DE PRESSE DU CRCDC Centre Val de Loire \u2013 D\u00e9pistage du cancer du col de l'ut\u00e9rus - Centre de coordination Centre Val de Loire - D\u00e9pistage des cancers","isPartOf":{"@id":"https:\/\/www.depistage-cancer.fr\/centre\/#website"},"primaryImageOfPage":{"@id":"https:\/\/www.depistage-cancer.fr\/centre\/2026\/01\/27\/communique-de-presse-du-crcdc-centre-val-de-loire-depistage-du-cancer-du-col-de-luterus\/#primaryimage"},"image":{"@id":"https:\/\/www.depistage-cancer.fr\/centre\/2026\/01\/27\/communique-de-presse-du-crcdc-centre-val-de-loire-depistage-du-cancer-du-col-de-luterus\/#primaryimage"},"thumbnailUrl":"https:\/\/www.depistage-cancer.fr\/centre\/wp-content\/uploads\/2026\/01\/CP-DOCCU-2026.png","datePublished":"2026-01-27T14:23:56+00:00","dateModified":"2026-01-27T14:36:54+00:00","breadcrumb":{"@id":"https:\/\/www.depistage-cancer.fr\/centre\/2026\/01\/27\/communique-de-presse-du-crcdc-centre-val-de-loire-depistage-du-cancer-du-col-de-luterus\/#breadcrumb"},"inLanguage":"fr-FR","potentialAction":[{"@type":"ReadAction","target":["https:\/\/www.depistage-cancer.fr\/centre\/2026\/01\/27\/communique-de-presse-du-crcdc-centre-val-de-loire-depistage-du-cancer-du-col-de-luterus\/"]}]},{"@type":"ImageObject","inLanguage":"fr-FR","@id":"https:\/\/www.depistage-cancer.fr\/centre\/2026\/01\/27\/communique-de-presse-du-crcdc-centre-val-de-loire-depistage-du-cancer-du-col-de-luterus\/#primaryimage","url":"https:\/\/www.depistage-cancer.fr\/centre\/wp-content\/uploads\/2026\/01\/CP-DOCCU-2026.png","contentUrl":"https:\/\/www.depistage-cancer.fr\/centre\/wp-content\/uploads\/2026\/01\/CP-DOCCU-2026.png","width":620,"height":360},{"@type":"BreadcrumbList","@id":"https:\/\/www.depistage-cancer.fr\/centre\/2026\/01\/27\/communique-de-presse-du-crcdc-centre-val-de-loire-depistage-du-cancer-du-col-de-luterus\/#breadcrumb","itemListElement":[{"@type":"ListItem","position":1,"name":"Accueil","item":"https:\/\/www.depistage-cancer.fr\/centre\/"},{"@type":"ListItem","position":2,"name":"COMMUNIQUE DE PRESSE DU CRCDC Centre Val de Loire \u2013 D\u00e9pistage du cancer du col de l&rsquo;ut\u00e9rus"}]},{"@type":"WebSite","@id":"https:\/\/www.depistage-cancer.fr\/centre\/#website","url":"https:\/\/www.depistage-cancer.fr\/centre\/","name":"Centre de coordination Centre Val de Loire - D\u00e9pistage des cancers","description":"D\u00e9pister, c&#039;est prot\u00e9ger !","publisher":{"@id":"https:\/\/www.depistage-cancer.fr\/centre\/#organization"},"alternateName":"CRCDC Centre Val de Loire","potentialAction":[{"@type":"SearchAction","target":{"@type":"EntryPoint","urlTemplate":"https:\/\/www.depistage-cancer.fr\/centre\/?s={search_term_string}"},"query-input":{"@type":"PropertyValueSpecification","valueRequired":true,"valueName":"search_term_string"}}],"inLanguage":"fr-FR"},{"@type":"Organization","@id":"https:\/\/www.depistage-cancer.fr\/centre\/#organization","name":"Centre de coordination Centre Val de Loire - D\u00e9pistage des cancers","alternateName":"CRCDC Centre Val de Loire","url":"https:\/\/www.depistage-cancer.fr\/centre\/","logo":{"@type":"ImageObject","inLanguage":"fr-FR","@id":"https:\/\/www.depistage-cancer.fr\/centre\/#\/schema\/logo\/image\/","url":"https:\/\/www.depistage-cancer.fr\/centre\/wp-content\/uploads\/2024\/02\/logo-crcdc-cvl.webp","contentUrl":"https:\/\/www.depistage-cancer.fr\/centre\/wp-content\/uploads\/2024\/02\/logo-crcdc-cvl.webp","width":491,"height":238,"caption":"Centre de coordination Centre Val de Loire - D\u00e9pistage des cancers"},"image":{"@id":"https:\/\/www.depistage-cancer.fr\/centre\/#\/schema\/logo\/image\/"},"sameAs":["https:\/\/www.facebook.com\/Depistagedescancers.CVL","https:\/\/www.youtube.com\/@crcdccentre-valdeloire8386"]},{"@type":"Person","@id":"https:\/\/www.depistage-cancer.fr\/centre\/#\/schema\/person\/ebcef65b71153405ce83cbfd232dba06","name":"Karine VAILLANT","image":{"@type":"ImageObject","inLanguage":"fr-FR","@id":"https:\/\/secure.gravatar.com\/avatar\/cab6e614a498aa04122a01df57b74090b52f2bbe5e62a49d1123fe16b3ac776c?s=96&d=mm&r=g","url":"https:\/\/secure.gravatar.com\/avatar\/cab6e614a498aa04122a01df57b74090b52f2bbe5e62a49d1123fe16b3ac776c?s=96&d=mm&r=g","contentUrl":"https:\/\/secure.gravatar.com\/avatar\/cab6e614a498aa04122a01df57b74090b52f2bbe5e62a49d1123fe16b3ac776c?s=96&d=mm&r=g","caption":"Karine VAILLANT"},"url":"https:\/\/www.depistage-cancer.fr\/centre\/author\/k-vaillant\/"}]}},"_links":{"self":[{"href":"https:\/\/www.depistage-cancer.fr\/centre\/wp-json\/wp\/v2\/posts\/4683","targetHints":{"allow":["GET"]}}],"collection":[{"href":"https:\/\/www.depistage-cancer.fr\/centre\/wp-json\/wp\/v2\/posts"}],"about":[{"href":"https:\/\/www.depistage-cancer.fr\/centre\/wp-json\/wp\/v2\/types\/post"}],"author":[{"embeddable":true,"href":"https:\/\/www.depistage-cancer.fr\/centre\/wp-json\/wp\/v2\/users\/3"}],"replies":[{"embeddable":true,"href":"https:\/\/www.depistage-cancer.fr\/centre\/wp-json\/wp\/v2\/comments?post=4683"}],"version-history":[{"count":3,"href":"https:\/\/www.depistage-cancer.fr\/centre\/wp-json\/wp\/v2\/posts\/4683\/revisions"}],"predecessor-version":[{"id":4691,"href":"https:\/\/www.depistage-cancer.fr\/centre\/wp-json\/wp\/v2\/posts\/4683\/revisions\/4691"}],"wp:featuredmedia":[{"embeddable":true,"href":"https:\/\/www.depistage-cancer.fr\/centre\/wp-json\/wp\/v2\/media\/4692"}],"wp:attachment":[{"href":"https:\/\/www.depistage-cancer.fr\/centre\/wp-json\/wp\/v2\/media?parent=4683"}],"wp:term":[{"taxonomy":"category","embeddable":true,"href":"https:\/\/www.depistage-cancer.fr\/centre\/wp-json\/wp\/v2\/categories?post=4683"},{"taxonomy":"post_tag","embeddable":true,"href":"https:\/\/www.depistage-cancer.fr\/centre\/wp-json\/wp\/v2\/tags?post=4683"}],"curies":[{"name":"wp","href":"https:\/\/api.w.org\/{rel}","templated":true}]}}