{"id":4857,"date":"2026-04-29T14:29:06","date_gmt":"2026-04-29T12:29:06","guid":{"rendered":"https:\/\/www.depistage-cancer.fr\/centre\/?p=4857"},"modified":"2026-04-29T14:29:54","modified_gmt":"2026-04-29T12:29:54","slug":"journee-sante-des-femmes-a-vierzon","status":"publish","type":"post","link":"https:\/\/www.depistage-cancer.fr\/centre\/2026\/04\/29\/journee-sante-des-femmes-a-vierzon\/","title":{"rendered":"Journ\u00e9e sant\u00e9 des Femmes \u00e0 Vierzon"},"content":{"rendered":"\n<p><strong>JEUDI 21 MAI 2026 12H \u00e0 19H<\/strong><br><strong>Journ\u00e9e sant\u00e9 des femmes \u00e0 Vierzon &#8211; Centre des congr\u00e8s<br><\/strong>Une offre de soins compl\u00e8te, gratuite par des professionnels de sant\u00e9 :<br>\ud83c\udf80D\u00e9pistages IST (infection sexuellement transmissible) <br>\ud83c\udf80D\u00e9pistages des cancers : acc\u00e8s aux examens<br>\ud83c\udf80D\u00e9pistages du diab\u00e8te, hypertension<br>\ud83c\udf80Vaccination HPV (sur rendez vous en flashant le QR code)<br>\ud83c\udf80Associations avec professionnels de sant\u00e9 et sages femmes pour \u00e9voquer : l&rsquo;endom\u00e9triose, la m\u00e9nopause, la sant\u00e9 sexuelle, les addictions, la sant\u00e9 mentale, la contraception, violence faite aux femmes<\/p>\n\n\n\n<p><strong>Venez \u00e9changer, vous informer et participer \u00e0 cette journ\u00e9e en toute confidentialit\u00e9 et gratuitement<\/strong>.<\/p>\n\n\n\n<figure class=\"wp-block-gallery has-nested-images columns-default is-cropped wp-block-gallery-1 is-layout-flex wp-block-gallery-is-layout-flex\">\n<figure class=\"wp-block-image size-large\"><img decoding=\"async\" width=\"724\" height=\"1024\" data-id=\"4865\" data-src=\"https:\/\/www.depistage-cancer.fr\/centre\/wp-content\/uploads\/2026\/04\/Affiche_compressed_Page_2-PNG-724x1024.png\" alt=\"\" class=\"wp-image-4865 lazyload\" data-srcset=\"https:\/\/www.depistage-cancer.fr\/centre\/wp-content\/uploads\/2026\/04\/Affiche_compressed_Page_2-PNG-724x1024.png 724w, https:\/\/www.depistage-cancer.fr\/centre\/wp-content\/uploads\/2026\/04\/Affiche_compressed_Page_2-PNG-212x300.png 212w, https:\/\/www.depistage-cancer.fr\/centre\/wp-content\/uploads\/2026\/04\/Affiche_compressed_Page_2-PNG-768x1086.png 768w, https:\/\/www.depistage-cancer.fr\/centre\/wp-content\/uploads\/2026\/04\/Affiche_compressed_Page_2-PNG-1086x1536.png 1086w, https:\/\/www.depistage-cancer.fr\/centre\/wp-content\/uploads\/2026\/04\/Affiche_compressed_Page_2-PNG-1448x2048.png 1448w, https:\/\/www.depistage-cancer.fr\/centre\/wp-content\/uploads\/2026\/04\/Affiche_compressed_Page_2-PNG-scaled.png 1810w\" data-sizes=\"(max-width: 724px) 100vw, 724px\" src=\"data:image\/svg+xml;base64,PHN2ZyB3aWR0aD0iMSIgaGVpZ2h0PSIxIiB4bWxucz0iaHR0cDovL3d3dy53My5vcmcvMjAwMC9zdmciPjwvc3ZnPg==\" style=\"--smush-placeholder-width: 724px; --smush-placeholder-aspect-ratio: 724\/1024;\" \/><\/figure>\n\n\n\n<figure class=\"wp-block-image size-large\"><img decoding=\"async\" width=\"724\" height=\"1024\" data-id=\"4864\" data-src=\"https:\/\/www.depistage-cancer.fr\/centre\/wp-content\/uploads\/2026\/04\/Affiche_compressed_format-PNG-724x1024.png\" alt=\"\" class=\"wp-image-4864 lazyload\" data-srcset=\"https:\/\/www.depistage-cancer.fr\/centre\/wp-content\/uploads\/2026\/04\/Affiche_compressed_format-PNG-724x1024.png 724w, https:\/\/www.depistage-cancer.fr\/centre\/wp-content\/uploads\/2026\/04\/Affiche_compressed_format-PNG-212x300.png 212w, https:\/\/www.depistage-cancer.fr\/centre\/wp-content\/uploads\/2026\/04\/Affiche_compressed_format-PNG-768x1086.png 768w, https:\/\/www.depistage-cancer.fr\/centre\/wp-content\/uploads\/2026\/04\/Affiche_compressed_format-PNG-1086x1536.png 1086w, https:\/\/www.depistage-cancer.fr\/centre\/wp-content\/uploads\/2026\/04\/Affiche_compressed_format-PNG-1448x2048.png 1448w, https:\/\/www.depistage-cancer.fr\/centre\/wp-content\/uploads\/2026\/04\/Affiche_compressed_format-PNG-scaled.png 1810w\" data-sizes=\"(max-width: 724px) 100vw, 724px\" src=\"data:image\/svg+xml;base64,PHN2ZyB3aWR0aD0iMSIgaGVpZ2h0PSIxIiB4bWxucz0iaHR0cDovL3d3dy53My5vcmcvMjAwMC9zdmciPjwvc3ZnPg==\" style=\"--smush-placeholder-width: 724px; --smush-placeholder-aspect-ratio: 724\/1024;\" \/><\/figure>\n<\/figure>\n\n\n\n<p><\/p>\n\n\n\n<p><\/p>\n","protected":false},"excerpt":{"rendered":"<p>JEUDI 21 MAI 2026 12H \u00e0 19HJourn\u00e9e sant\u00e9 des femmes \u00e0 Vierzon &#8211; Centre des congr\u00e8sUne offre de soins compl\u00e8te, gratuite par des professionnels de sant\u00e9 :\ud83c\udf80D\u00e9pistages IST (infection sexuellement [&hellip;]<\/p>\n","protected":false},"author":5,"featured_media":4858,"comment_status":"closed","ping_status":"closed","sticky":false,"template":"","format":"standard","meta":{"_acf_changed":false,"inline_featured_image":false,"footnotes":""},"categories":[30],"tags":[],"class_list":["post-4857","post","type-post","status-publish","format-standard","has-post-thumbnail","hentry","category-grand-public"],"acf":[],"yoast_head":"<!-- This site is optimized with the Yoast SEO plugin v27.5 - https:\/\/yoast.com\/product\/yoast-seo-wordpress\/ -->\n<title>Journ\u00e9e sant\u00e9 des Femmes \u00e0 Vierzon - Centre de coordination Centre Val de Loire - D\u00e9pistage des cancers<\/title>\n<meta name=\"robots\" content=\"index, follow, max-snippet:-1, max-image-preview:large, max-video-preview:-1\" \/>\n<link rel=\"canonical\" href=\"https:\/\/www.depistage-cancer.fr\/centre\/2026\/04\/29\/journee-sante-des-femmes-a-vierzon\/\" \/>\n<meta property=\"og:locale\" content=\"fr_FR\" \/>\n<meta property=\"og:type\" content=\"article\" \/>\n<meta property=\"og:title\" content=\"Journ\u00e9e sant\u00e9 des Femmes \u00e0 Vierzon - Centre de coordination Centre Val de Loire - D\u00e9pistage des cancers\" \/>\n<meta property=\"og:description\" content=\"JEUDI 21 MAI 2026 12H \u00e0 19HJourn\u00e9e sant\u00e9 des femmes \u00e0 Vierzon &#8211; Centre des congr\u00e8sUne offre de soins compl\u00e8te, gratuite par des professionnels de sant\u00e9 :\ud83c\udf80D\u00e9pistages IST (infection sexuellement [&hellip;]\" \/>\n<meta property=\"og:url\" content=\"https:\/\/www.depistage-cancer.fr\/centre\/2026\/04\/29\/journee-sante-des-femmes-a-vierzon\/\" \/>\n<meta property=\"og:site_name\" content=\"Centre de coordination Centre Val de Loire - D\u00e9pistage des cancers\" \/>\n<meta property=\"article:publisher\" content=\"https:\/\/www.facebook.com\/Depistagedescancers.CVL\" \/>\n<meta property=\"article:published_time\" content=\"2026-04-29T12:29:06+00:00\" \/>\n<meta property=\"article:modified_time\" content=\"2026-04-29T12:29:54+00:00\" \/>\n<meta property=\"og:image\" content=\"https:\/\/www.depistage-cancer.fr\/centre\/wp-content\/uploads\/2026\/04\/Capture-decran-2026-04-29-141006.png\" \/>\n\t<meta property=\"og:image:width\" content=\"908\" \/>\n\t<meta property=\"og:image:height\" content=\"808\" \/>\n\t<meta property=\"og:image:type\" content=\"image\/png\" \/>\n<meta name=\"author\" content=\"Emilie VIGNIER\" \/>\n<meta name=\"twitter:card\" content=\"summary_large_image\" \/>\n<meta name=\"twitter:label1\" content=\"\u00c9crit par\" \/>\n\t<meta name=\"twitter:data1\" content=\"Emilie VIGNIER\" \/>\n\t<meta name=\"twitter:label2\" content=\"Dur\u00e9e de lecture estim\u00e9e\" \/>\n\t<meta name=\"twitter:data2\" content=\"2 minutes\" \/>\n<script type=\"application\/ld+json\" class=\"yoast-schema-graph\">{\"@context\":\"https:\\\/\\\/schema.org\",\"@graph\":[{\"@type\":\"Article\",\"@id\":\"https:\\\/\\\/www.depistage-cancer.fr\\\/centre\\\/2026\\\/04\\\/29\\\/journee-sante-des-femmes-a-vierzon\\\/#article\",\"isPartOf\":{\"@id\":\"https:\\\/\\\/www.depistage-cancer.fr\\\/centre\\\/2026\\\/04\\\/29\\\/journee-sante-des-femmes-a-vierzon\\\/\"},\"author\":{\"name\":\"Emilie VIGNIER\",\"@id\":\"https:\\\/\\\/www.depistage-cancer.fr\\\/centre\\\/#\\\/schema\\\/person\\\/3148016ec136ec9efbcc9c10ffbe7653\"},\"headline\":\"Journ\u00e9e sant\u00e9 des Femmes \u00e0 Vierzon\",\"datePublished\":\"2026-04-29T12:29:06+00:00\",\"dateModified\":\"2026-04-29T12:29:54+00:00\",\"mainEntityOfPage\":{\"@id\":\"https:\\\/\\\/www.depistage-cancer.fr\\\/centre\\\/2026\\\/04\\\/29\\\/journee-sante-des-femmes-a-vierzon\\\/\"},\"wordCount\":106,\"publisher\":{\"@id\":\"https:\\\/\\\/www.depistage-cancer.fr\\\/centre\\\/#organization\"},\"image\":{\"@id\":\"https:\\\/\\\/www.depistage-cancer.fr\\\/centre\\\/2026\\\/04\\\/29\\\/journee-sante-des-femmes-a-vierzon\\\/#primaryimage\"},\"thumbnailUrl\":\"https:\\\/\\\/www.depistage-cancer.fr\\\/centre\\\/wp-content\\\/uploads\\\/2026\\\/04\\\/Capture-decran-2026-04-29-141006.png\",\"articleSection\":[\"Grand Public\"],\"inLanguage\":\"fr-FR\"},{\"@type\":\"WebPage\",\"@id\":\"https:\\\/\\\/www.depistage-cancer.fr\\\/centre\\\/2026\\\/04\\\/29\\\/journee-sante-des-femmes-a-vierzon\\\/\",\"url\":\"https:\\\/\\\/www.depistage-cancer.fr\\\/centre\\\/2026\\\/04\\\/29\\\/journee-sante-des-femmes-a-vierzon\\\/\",\"name\":\"Journ\u00e9e sant\u00e9 des Femmes \u00e0 Vierzon - Centre de coordination Centre Val de Loire - D\u00e9pistage des cancers\",\"isPartOf\":{\"@id\":\"https:\\\/\\\/www.depistage-cancer.fr\\\/centre\\\/#website\"},\"primaryImageOfPage\":{\"@id\":\"https:\\\/\\\/www.depistage-cancer.fr\\\/centre\\\/2026\\\/04\\\/29\\\/journee-sante-des-femmes-a-vierzon\\\/#primaryimage\"},\"image\":{\"@id\":\"https:\\\/\\\/www.depistage-cancer.fr\\\/centre\\\/2026\\\/04\\\/29\\\/journee-sante-des-femmes-a-vierzon\\\/#primaryimage\"},\"thumbnailUrl\":\"https:\\\/\\\/www.depistage-cancer.fr\\\/centre\\\/wp-content\\\/uploads\\\/2026\\\/04\\\/Capture-decran-2026-04-29-141006.png\",\"datePublished\":\"2026-04-29T12:29:06+00:00\",\"dateModified\":\"2026-04-29T12:29:54+00:00\",\"breadcrumb\":{\"@id\":\"https:\\\/\\\/www.depistage-cancer.fr\\\/centre\\\/2026\\\/04\\\/29\\\/journee-sante-des-femmes-a-vierzon\\\/#breadcrumb\"},\"inLanguage\":\"fr-FR\",\"potentialAction\":[{\"@type\":\"ReadAction\",\"target\":[\"https:\\\/\\\/www.depistage-cancer.fr\\\/centre\\\/2026\\\/04\\\/29\\\/journee-sante-des-femmes-a-vierzon\\\/\"]}]},{\"@type\":\"ImageObject\",\"inLanguage\":\"fr-FR\",\"@id\":\"https:\\\/\\\/www.depistage-cancer.fr\\\/centre\\\/2026\\\/04\\\/29\\\/journee-sante-des-femmes-a-vierzon\\\/#primaryimage\",\"url\":\"https:\\\/\\\/www.depistage-cancer.fr\\\/centre\\\/wp-content\\\/uploads\\\/2026\\\/04\\\/Capture-decran-2026-04-29-141006.png\",\"contentUrl\":\"https:\\\/\\\/www.depistage-cancer.fr\\\/centre\\\/wp-content\\\/uploads\\\/2026\\\/04\\\/Capture-decran-2026-04-29-141006.png\",\"width\":908,\"height\":808},{\"@type\":\"BreadcrumbList\",\"@id\":\"https:\\\/\\\/www.depistage-cancer.fr\\\/centre\\\/2026\\\/04\\\/29\\\/journee-sante-des-femmes-a-vierzon\\\/#breadcrumb\",\"itemListElement\":[{\"@type\":\"ListItem\",\"position\":1,\"name\":\"Accueil\",\"item\":\"https:\\\/\\\/www.depistage-cancer.fr\\\/centre\\\/\"},{\"@type\":\"ListItem\",\"position\":2,\"name\":\"Journ\u00e9e sant\u00e9 des Femmes \u00e0 Vierzon\"}]},{\"@type\":\"WebSite\",\"@id\":\"https:\\\/\\\/www.depistage-cancer.fr\\\/centre\\\/#website\",\"url\":\"https:\\\/\\\/www.depistage-cancer.fr\\\/centre\\\/\",\"name\":\"Centre de coordination Centre Val de Loire - D\u00e9pistage des cancers\",\"description\":\"D\u00e9pister, c&#039;est prot\u00e9ger !\",\"publisher\":{\"@id\":\"https:\\\/\\\/www.depistage-cancer.fr\\\/centre\\\/#organization\"},\"alternateName\":\"CRCDC Centre Val de Loire\",\"potentialAction\":[{\"@type\":\"SearchAction\",\"target\":{\"@type\":\"EntryPoint\",\"urlTemplate\":\"https:\\\/\\\/www.depistage-cancer.fr\\\/centre\\\/?s={search_term_string}\"},\"query-input\":{\"@type\":\"PropertyValueSpecification\",\"valueRequired\":true,\"valueName\":\"search_term_string\"}}],\"inLanguage\":\"fr-FR\"},{\"@type\":\"Organization\",\"@id\":\"https:\\\/\\\/www.depistage-cancer.fr\\\/centre\\\/#organization\",\"name\":\"Centre de coordination Centre Val de Loire - D\u00e9pistage des cancers\",\"alternateName\":\"CRCDC Centre Val de Loire\",\"url\":\"https:\\\/\\\/www.depistage-cancer.fr\\\/centre\\\/\",\"logo\":{\"@type\":\"ImageObject\",\"inLanguage\":\"fr-FR\",\"@id\":\"https:\\\/\\\/www.depistage-cancer.fr\\\/centre\\\/#\\\/schema\\\/logo\\\/image\\\/\",\"url\":\"https:\\\/\\\/www.depistage-cancer.fr\\\/centre\\\/wp-content\\\/uploads\\\/2024\\\/02\\\/logo-crcdc-cvl.webp\",\"contentUrl\":\"https:\\\/\\\/www.depistage-cancer.fr\\\/centre\\\/wp-content\\\/uploads\\\/2024\\\/02\\\/logo-crcdc-cvl.webp\",\"width\":491,\"height\":238,\"caption\":\"Centre de coordination Centre Val de Loire - D\u00e9pistage des cancers\"},\"image\":{\"@id\":\"https:\\\/\\\/www.depistage-cancer.fr\\\/centre\\\/#\\\/schema\\\/logo\\\/image\\\/\"},\"sameAs\":[\"https:\\\/\\\/www.facebook.com\\\/Depistagedescancers.CVL\",\"https:\\\/\\\/www.youtube.com\\\/@crcdccentre-valdeloire8386\"]},{\"@type\":\"Person\",\"@id\":\"https:\\\/\\\/www.depistage-cancer.fr\\\/centre\\\/#\\\/schema\\\/person\\\/3148016ec136ec9efbcc9c10ffbe7653\",\"name\":\"Emilie VIGNIER\",\"image\":{\"@type\":\"ImageObject\",\"inLanguage\":\"fr-FR\",\"@id\":\"https:\\\/\\\/secure.gravatar.com\\\/avatar\\\/f0871e7b823d3067c444ddbb6e106585183a5fa3af7b9bf9f622655e40b6680b?s=96&d=mm&r=g\",\"url\":\"https:\\\/\\\/secure.gravatar.com\\\/avatar\\\/f0871e7b823d3067c444ddbb6e106585183a5fa3af7b9bf9f622655e40b6680b?s=96&d=mm&r=g\",\"contentUrl\":\"https:\\\/\\\/secure.gravatar.com\\\/avatar\\\/f0871e7b823d3067c444ddbb6e106585183a5fa3af7b9bf9f622655e40b6680b?s=96&d=mm&r=g\",\"caption\":\"Emilie VIGNIER\"},\"url\":\"https:\\\/\\\/www.depistage-cancer.fr\\\/centre\\\/author\\\/e-vignier\\\/\"}]}<\/script>\n<!-- \/ Yoast SEO plugin. -->","yoast_head_json":{"title":"Journ\u00e9e sant\u00e9 des Femmes \u00e0 Vierzon - Centre de coordination Centre Val de Loire - D\u00e9pistage des cancers","robots":{"index":"index","follow":"follow","max-snippet":"max-snippet:-1","max-image-preview":"max-image-preview:large","max-video-preview":"max-video-preview:-1"},"canonical":"https:\/\/www.depistage-cancer.fr\/centre\/2026\/04\/29\/journee-sante-des-femmes-a-vierzon\/","og_locale":"fr_FR","og_type":"article","og_title":"Journ\u00e9e sant\u00e9 des Femmes \u00e0 Vierzon - Centre de coordination Centre Val de Loire - D\u00e9pistage des cancers","og_description":"JEUDI 21 MAI 2026 12H \u00e0 19HJourn\u00e9e sant\u00e9 des femmes \u00e0 Vierzon &#8211; Centre des congr\u00e8sUne offre de soins compl\u00e8te, gratuite par des professionnels de sant\u00e9 :\ud83c\udf80D\u00e9pistages IST (infection sexuellement [&hellip;]","og_url":"https:\/\/www.depistage-cancer.fr\/centre\/2026\/04\/29\/journee-sante-des-femmes-a-vierzon\/","og_site_name":"Centre de coordination Centre Val de Loire - D\u00e9pistage des cancers","article_publisher":"https:\/\/www.facebook.com\/Depistagedescancers.CVL","article_published_time":"2026-04-29T12:29:06+00:00","article_modified_time":"2026-04-29T12:29:54+00:00","og_image":[{"width":908,"height":808,"url":"https:\/\/www.depistage-cancer.fr\/centre\/wp-content\/uploads\/2026\/04\/Capture-decran-2026-04-29-141006.png","type":"image\/png"}],"author":"Emilie VIGNIER","twitter_card":"summary_large_image","twitter_misc":{"\u00c9crit par":"Emilie VIGNIER","Dur\u00e9e de lecture estim\u00e9e":"2 minutes"},"schema":{"@context":"https:\/\/schema.org","@graph":[{"@type":"Article","@id":"https:\/\/www.depistage-cancer.fr\/centre\/2026\/04\/29\/journee-sante-des-femmes-a-vierzon\/#article","isPartOf":{"@id":"https:\/\/www.depistage-cancer.fr\/centre\/2026\/04\/29\/journee-sante-des-femmes-a-vierzon\/"},"author":{"name":"Emilie VIGNIER","@id":"https:\/\/www.depistage-cancer.fr\/centre\/#\/schema\/person\/3148016ec136ec9efbcc9c10ffbe7653"},"headline":"Journ\u00e9e sant\u00e9 des Femmes \u00e0 Vierzon","datePublished":"2026-04-29T12:29:06+00:00","dateModified":"2026-04-29T12:29:54+00:00","mainEntityOfPage":{"@id":"https:\/\/www.depistage-cancer.fr\/centre\/2026\/04\/29\/journee-sante-des-femmes-a-vierzon\/"},"wordCount":106,"publisher":{"@id":"https:\/\/www.depistage-cancer.fr\/centre\/#organization"},"image":{"@id":"https:\/\/www.depistage-cancer.fr\/centre\/2026\/04\/29\/journee-sante-des-femmes-a-vierzon\/#primaryimage"},"thumbnailUrl":"https:\/\/www.depistage-cancer.fr\/centre\/wp-content\/uploads\/2026\/04\/Capture-decran-2026-04-29-141006.png","articleSection":["Grand Public"],"inLanguage":"fr-FR"},{"@type":"WebPage","@id":"https:\/\/www.depistage-cancer.fr\/centre\/2026\/04\/29\/journee-sante-des-femmes-a-vierzon\/","url":"https:\/\/www.depistage-cancer.fr\/centre\/2026\/04\/29\/journee-sante-des-femmes-a-vierzon\/","name":"Journ\u00e9e sant\u00e9 des Femmes \u00e0 Vierzon - Centre de coordination Centre Val de Loire - D\u00e9pistage des cancers","isPartOf":{"@id":"https:\/\/www.depistage-cancer.fr\/centre\/#website"},"primaryImageOfPage":{"@id":"https:\/\/www.depistage-cancer.fr\/centre\/2026\/04\/29\/journee-sante-des-femmes-a-vierzon\/#primaryimage"},"image":{"@id":"https:\/\/www.depistage-cancer.fr\/centre\/2026\/04\/29\/journee-sante-des-femmes-a-vierzon\/#primaryimage"},"thumbnailUrl":"https:\/\/www.depistage-cancer.fr\/centre\/wp-content\/uploads\/2026\/04\/Capture-decran-2026-04-29-141006.png","datePublished":"2026-04-29T12:29:06+00:00","dateModified":"2026-04-29T12:29:54+00:00","breadcrumb":{"@id":"https:\/\/www.depistage-cancer.fr\/centre\/2026\/04\/29\/journee-sante-des-femmes-a-vierzon\/#breadcrumb"},"inLanguage":"fr-FR","potentialAction":[{"@type":"ReadAction","target":["https:\/\/www.depistage-cancer.fr\/centre\/2026\/04\/29\/journee-sante-des-femmes-a-vierzon\/"]}]},{"@type":"ImageObject","inLanguage":"fr-FR","@id":"https:\/\/www.depistage-cancer.fr\/centre\/2026\/04\/29\/journee-sante-des-femmes-a-vierzon\/#primaryimage","url":"https:\/\/www.depistage-cancer.fr\/centre\/wp-content\/uploads\/2026\/04\/Capture-decran-2026-04-29-141006.png","contentUrl":"https:\/\/www.depistage-cancer.fr\/centre\/wp-content\/uploads\/2026\/04\/Capture-decran-2026-04-29-141006.png","width":908,"height":808},{"@type":"BreadcrumbList","@id":"https:\/\/www.depistage-cancer.fr\/centre\/2026\/04\/29\/journee-sante-des-femmes-a-vierzon\/#breadcrumb","itemListElement":[{"@type":"ListItem","position":1,"name":"Accueil","item":"https:\/\/www.depistage-cancer.fr\/centre\/"},{"@type":"ListItem","position":2,"name":"Journ\u00e9e sant\u00e9 des Femmes \u00e0 Vierzon"}]},{"@type":"WebSite","@id":"https:\/\/www.depistage-cancer.fr\/centre\/#website","url":"https:\/\/www.depistage-cancer.fr\/centre\/","name":"Centre de coordination Centre Val de Loire - D\u00e9pistage des cancers","description":"D\u00e9pister, c&#039;est prot\u00e9ger !","publisher":{"@id":"https:\/\/www.depistage-cancer.fr\/centre\/#organization"},"alternateName":"CRCDC Centre Val de Loire","potentialAction":[{"@type":"SearchAction","target":{"@type":"EntryPoint","urlTemplate":"https:\/\/www.depistage-cancer.fr\/centre\/?s={search_term_string}"},"query-input":{"@type":"PropertyValueSpecification","valueRequired":true,"valueName":"search_term_string"}}],"inLanguage":"fr-FR"},{"@type":"Organization","@id":"https:\/\/www.depistage-cancer.fr\/centre\/#organization","name":"Centre de coordination Centre Val de Loire - D\u00e9pistage des cancers","alternateName":"CRCDC Centre Val de Loire","url":"https:\/\/www.depistage-cancer.fr\/centre\/","logo":{"@type":"ImageObject","inLanguage":"fr-FR","@id":"https:\/\/www.depistage-cancer.fr\/centre\/#\/schema\/logo\/image\/","url":"https:\/\/www.depistage-cancer.fr\/centre\/wp-content\/uploads\/2024\/02\/logo-crcdc-cvl.webp","contentUrl":"https:\/\/www.depistage-cancer.fr\/centre\/wp-content\/uploads\/2024\/02\/logo-crcdc-cvl.webp","width":491,"height":238,"caption":"Centre de coordination Centre Val de Loire - D\u00e9pistage des cancers"},"image":{"@id":"https:\/\/www.depistage-cancer.fr\/centre\/#\/schema\/logo\/image\/"},"sameAs":["https:\/\/www.facebook.com\/Depistagedescancers.CVL","https:\/\/www.youtube.com\/@crcdccentre-valdeloire8386"]},{"@type":"Person","@id":"https:\/\/www.depistage-cancer.fr\/centre\/#\/schema\/person\/3148016ec136ec9efbcc9c10ffbe7653","name":"Emilie VIGNIER","image":{"@type":"ImageObject","inLanguage":"fr-FR","@id":"https:\/\/secure.gravatar.com\/avatar\/f0871e7b823d3067c444ddbb6e106585183a5fa3af7b9bf9f622655e40b6680b?s=96&d=mm&r=g","url":"https:\/\/secure.gravatar.com\/avatar\/f0871e7b823d3067c444ddbb6e106585183a5fa3af7b9bf9f622655e40b6680b?s=96&d=mm&r=g","contentUrl":"https:\/\/secure.gravatar.com\/avatar\/f0871e7b823d3067c444ddbb6e106585183a5fa3af7b9bf9f622655e40b6680b?s=96&d=mm&r=g","caption":"Emilie VIGNIER"},"url":"https:\/\/www.depistage-cancer.fr\/centre\/author\/e-vignier\/"}]}},"_links":{"self":[{"href":"https:\/\/www.depistage-cancer.fr\/centre\/wp-json\/wp\/v2\/posts\/4857","targetHints":{"allow":["GET"]}}],"collection":[{"href":"https:\/\/www.depistage-cancer.fr\/centre\/wp-json\/wp\/v2\/posts"}],"about":[{"href":"https:\/\/www.depistage-cancer.fr\/centre\/wp-json\/wp\/v2\/types\/post"}],"author":[{"embeddable":true,"href":"https:\/\/www.depistage-cancer.fr\/centre\/wp-json\/wp\/v2\/users\/5"}],"replies":[{"embeddable":true,"href":"https:\/\/www.depistage-cancer.fr\/centre\/wp-json\/wp\/v2\/comments?post=4857"}],"version-history":[{"count":3,"href":"https:\/\/www.depistage-cancer.fr\/centre\/wp-json\/wp\/v2\/posts\/4857\/revisions"}],"predecessor-version":[{"id":4867,"href":"https:\/\/www.depistage-cancer.fr\/centre\/wp-json\/wp\/v2\/posts\/4857\/revisions\/4867"}],"wp:featuredmedia":[{"embeddable":true,"href":"https:\/\/www.depistage-cancer.fr\/centre\/wp-json\/wp\/v2\/media\/4858"}],"wp:attachment":[{"href":"https:\/\/www.depistage-cancer.fr\/centre\/wp-json\/wp\/v2\/media?parent=4857"}],"wp:term":[{"taxonomy":"category","embeddable":true,"href":"https:\/\/www.depistage-cancer.fr\/centre\/wp-json\/wp\/v2\/categories?post=4857"},{"taxonomy":"post_tag","embeddable":true,"href":"https:\/\/www.depistage-cancer.fr\/centre\/wp-json\/wp\/v2\/tags?post=4857"}],"curies":[{"name":"wp","href":"https:\/\/api.w.org\/{rel}","templated":true}]}}