{"id":4935,"date":"2026-09-04T11:06:12","date_gmt":"2026-09-04T09:06:12","guid":{"rendered":"https:\/\/www.depistage-cancer.fr\/centre\/?p=4935"},"modified":"2026-09-04T12:20:04","modified_gmt":"2026-09-04T10:20:04","slug":"octobre-rose-2026-la-mobilisation-regionale-en-partenariat-avec-le-crcdc-cvl","status":"publish","type":"post","link":"https:\/\/www.depistage-cancer.fr\/centre\/2026\/09\/04\/octobre-rose-2026-la-mobilisation-regionale-en-partenariat-avec-le-crcdc-cvl\/","title":{"rendered":"Octobre rose 2026 : la mobilisation r\u00e9gionale en partenariat avec le CRCDC-CVL"},"content":{"rendered":"\n<div class=\"wp-block-columns is-not-stacked-on-mobile is-layout-flex wp-container-core-columns-is-layout-8f761849 wp-block-columns-is-layout-flex\">\n<div class=\"wp-block-column is-layout-flow wp-block-column-is-layout-flow\" style=\"flex-basis:100%\">\n<figure class=\"wp-block-table aligncenter\"><table><tbody><tr><td class=\"has-text-align-left\" data-align=\"left\">D\u00e9partement du CHER (18)<\/td><td class=\"has-text-align-left\" data-align=\"left\">NC<\/td><\/tr><tr><td class=\"has-text-align-left\" data-align=\"left\">D\u00e9partement d\u2019EURE-ET-LOIR (28)<\/td><td class=\"has-text-align-left\" data-align=\"left\"><strong>=><\/strong> <strong>Samedi 3 octobre <\/strong>\u00e0 partir de 9h00 : <strong>Marche pour Octobre Rose<\/strong>, au d\u00e9part de la maison des associations de B\u00e9ville-Le-Comte.<br><strong>=><\/strong> <strong>Vendredi 9 octobre<\/strong> de 10h00 \u00e0 17h00 &#8211; <strong>Stand d\u2019information <\/strong>\u00e0 la Pharmacie de B\u00e9ville-Le-Comte. <a href=\"https:\/\/drive.google.com\/file\/d\/1FLGSx74ULG3GNPqnDRQsM_23Pop0xglZ\/view?usp=drive_link\" data-type=\"link\" data-id=\"https:\/\/drive.google.com\/file\/d\/1FLGSx74ULG3GNPqnDRQsM_23Pop0xglZ\/view?usp=drive_link\">Plus d&rsquo;infos ici<\/a><br>=> <strong>Mercredi 14 octobre <\/strong>de 9h30 \u00e016h00 &#8211; <strong>Journ\u00e9e de sensibilisation et de pr\u00e9vention du cancer du sein et du col de l\u2019ut\u00e9rus<\/strong>, organis\u00e9e par l\u2019association \u00ab Espoir Loup\u00e9en \u00bb en centre-ville, avec la pr\u00e9sence de plusieurs partenaires.<br>=> <strong>Lundi 19 octobre <\/strong>de 14h00 \u00e0 17h00 &#8211; <strong>Journ\u00e9e Portes ouvertes Octobre Rose<\/strong> \u00e0 la mairie de B\u00db. Entretiens individuels propos\u00e9s par le CRCDC. <a href=\"https:\/\/drive.google.com\/file\/d\/1ZX8uOZR4gSauwu49b0q_IN11Itup5cq9\/view?usp=drive_link\" data-type=\"link\" data-id=\"https:\/\/drive.google.com\/file\/d\/1ZX8uOZR4gSauwu49b0q_IN11Itup5cq9\/view?usp=drive_link\">Plus d&rsquo;infos ici<\/a><br>=> <strong>Jeudi 22 octobre <\/strong>en matin\u00e9e : <strong>Information et sensibilisation au d\u00e9pistage du cancer du sein<\/strong>, sur le march\u00e9 de Mainvilliers, organis\u00e9e par la CPTS du Pays Chartrain.<br>=> <strong>Mardi 27 octobre <\/strong>de 9h00 \u00e0 12h00 : <strong>information\/sensibilisation au d\u00e9pistage du cancer du sein<\/strong> \u00e0 la pharmacie de Voves<\/td><\/tr><tr><td class=\"has-text-align-left\" data-align=\"left\">D\u00e9partement de l\u2019INDRE (36)<\/td><td class=\"has-text-align-left\" data-align=\"left\">=&gt; <strong>Samedi 3 octobre <\/strong>de 10h00 \u00e0 19h00 : <strong>Forum-sant\u00e9-pr\u00e9vention bien-\u00eatre avec conf\u00e9rence<\/strong> et intervention du CRCDC, \u00e0 la salle des f\u00eates de SAINT GAULTIER. <a href=\"https:\/\/drive.google.com\/file\/d\/1q5wtlG1F4dKvYmF-NsdRjc7Afy4qx2YX\/view?usp=drive_link\" data-type=\"link\" data-id=\"https:\/\/drive.google.com\/file\/d\/1q5wtlG1F4dKvYmF-NsdRjc7Afy4qx2YX\/view?usp=drive_link\">Plus d&rsquo;infos ici<\/a><br>=&gt; <strong>Mercredi 7 octobre<\/strong> \u00e0 partir de 14h30 : <strong>Salon bien-\u00eatre<\/strong>, \u00e0 la salle des f\u00eates d\u2019AZAY LE FERRON. Conf\u00e9rences autour de la sant\u00e9 et du bien-\u00eatre, stands d\u2019information et de pr\u00e9vention avec plusieurs professionnels de sant\u00e9<br>=&gt; <strong>Vendredi 9 et samedi 10 octobre &#8211; Village bien vieillir en vall\u00e9e de Creuse<\/strong> &#8211; Stand d\u2019information, animations, ateliers, d\u00e9pistages et conseils autour de la sant\u00e9 et du bien-\u00eatre. <a href=\"https:\/\/drive.google.com\/file\/d\/1AMg74HqX3b5l32YGZUtF1KBkwBeaNg9b\/view?usp=drive_link\" data-type=\"link\" data-id=\"https:\/\/drive.google.com\/file\/d\/1AMg74HqX3b5l32YGZUtF1KBkwBeaNg9b\/view?usp=drive_link\">Plus d&rsquo;infos ici<\/a><br>=&gt; <strong>Jeudi 22 octobre <\/strong>de 10h00 \u00e0 16h00 :<strong> Parcours sant\u00e9 au f\u00e9minin, <\/strong>\u00e0 la Maison France Services de LEVROUX. Tests de vue et d&rsquo;audition, mesure de la tension et de la glyc\u00e9mie, information sur les d\u00e9pistages, examen de la peau et conseils nutrition. <a href=\"https:\/\/drive.google.com\/file\/d\/1nnAavD6E4COpQfdpAc5BGajOg3iw9hRl\/view?usp=drive_link\" data-type=\"link\" data-id=\"https:\/\/drive.google.com\/file\/d\/1nnAavD6E4COpQfdpAc5BGajOg3iw9hRl\/view?usp=drive_link\">Plus d&rsquo;infos ici<\/a><\/td><\/tr><tr><td class=\"has-text-align-left\" data-align=\"left\">D\u00e9partement de l\u2019INDRE-ET-LOIRE (37)<\/td><td class=\"has-text-align-left\" data-align=\"left\">=&gt; <strong>Mercredi 7 octobre <\/strong>de 10h00 \u00e0 17h00 : <strong>Village sant\u00e9&nbsp;de la CPAM <\/strong>au Centre de vie Sanitas \u00e0 Tours. Stands d\u2019information et animations autour de la sant\u00e9 et de la pr\u00e9vention, pour \u00ab s\u2019amuser, agir et s\u2019informer \u00bb. <a href=\"https:\/\/drive.google.com\/file\/d\/1FjCF26OwD2YyuM0U1fpIVLkAiYnRHv8h\/view?usp=drive_link\" data-type=\"link\" data-id=\"https:\/\/drive.google.com\/file\/d\/1FjCF26OwD2YyuM0U1fpIVLkAiYnRHv8h\/view?usp=drive_link\">Plus d&rsquo;infos ici<\/a><\/td><\/tr><tr><td class=\"has-text-align-left\" data-align=\"left\">D\u00e9partement du LOIR-ET-CHER (41)<\/td><td class=\"has-text-align-left\" data-align=\"left\">=&gt; <strong>Dimanche 4 octobre <\/strong>&#8211; d\u00e9part libre entre 9h00 et 10h00 : <strong>Marche Rose<\/strong>, au d\u00e9part du centre social \u00ab\u00a0la Chrysalide\u00a0\u00bb \u00e0 Vineuil. Participation de 5 \u20ac au profit de la Ligue contre le cancer. <a href=\"https:\/\/drive.google.com\/file\/d\/1aLP1kYWaa3PNnB5UmFTkB5cZMpd1Da4z\/view?usp=drive_link\" data-type=\"link\" data-id=\"https:\/\/drive.google.com\/file\/d\/1aLP1kYWaa3PNnB5UmFTkB5cZMpd1Da4z\/view?usp=drive_link\">Plus d&rsquo;infos ici<\/a><br>=&gt; <strong>Mardi 13 octobre 2026<\/strong> de 10h00 \u00e0 16h00 : <strong>Octobre rose<\/strong> au Centre hospitalier Simone Veil de Blois. Stands, ateliers, visite de la salle de mammographie, rendez-vous individuel, relaxation et animations.<\/td><\/tr><tr><td class=\"has-text-align-left\" data-align=\"left\">D\u00e9partement du LOIRET (45)<\/td><td class=\"has-text-align-left\" data-align=\"left\">=&gt; <strong>Vendredi 09 octobre<\/strong> de 9h30 \u00e0 15h30 : <strong> Journ\u00e9es France services<\/strong> \u00e0 SULLY SUR LOIRE.  Entretiens individuels propos\u00e9s par le CRCDC pour faire le point sur les trois d\u00e9pistages organis\u00e9s des cancers. <a href=\"https:\/\/drive.google.com\/file\/d\/13yHpt7opMVhnC9BLW_Eoxsi5ufb2LCax\/view?usp=drive_link\" data-type=\"link\" data-id=\"https:\/\/drive.google.com\/file\/d\/13yHpt7opMVhnC9BLW_Eoxsi5ufb2LCax\/view?usp=drive_link\">Plus d&rsquo;infos ici<\/a><br>=&gt; <strong>Samedi 10 octobre<\/strong> de 10h00 \u00e0 13h00 :<strong> Information et sensibilisation au d\u00e9pistage du cancer du sein<\/strong>, \u00e0 la Maison de Sant\u00e9 Grand Saint Laurent de Pithiviers. Possibilit\u00e9 de prendre rendez-vous pour une mammographie et d\u2019\u00e9changer avec des professionnels de sant\u00e9. <a href=\"https:\/\/drive.google.com\/file\/d\/1A7-gD780659QXPuRLmTnBEODT_yvxgaV\/view?usp=drive_link\" data-type=\"link\" data-id=\"https:\/\/drive.google.com\/file\/d\/1A7-gD780659QXPuRLmTnBEODT_yvxgaV\/view?usp=drive_link\">Plus d&rsquo;infos ici<\/a><br>=&gt; <strong>Mardi 13 octobre<\/strong> de 9h00 \u00e0 17h00 : <strong>Campagne de sensibilisation aux d\u00e9pistages et \u00e0 la vaccination<\/strong>, au Centre Social des Chaises \u00e0 Saint-Jean-de-la-Ruelle. Rencontres avec des professionnels de sant\u00e9.<br>=&gt; <strong>Jeudi 15 octobre<\/strong> : <strong>Octobre Rose<\/strong>, \u00e0 Or\u00e9liance \u00e0 Saran.<br>=&gt; <strong>Mercredi 21 octobre<\/strong> de 9h30 \u00e0 17h00 : <strong>Journ\u00e9es France Services<\/strong>, \u00e0 Ferri\u00e8res-en-G\u00e2tinais. Entretiens individuels propos\u00e9s par le CRCDC pour faire le point sur les trois d\u00e9pistages organis\u00e9s des cancers. <a href=\"https:\/\/drive.google.com\/file\/d\/1LJ9TqYIHt9wJaklEw0HXx5WSIu5jd_s0\/view?usp=drive_link\" data-type=\"link\" data-id=\"https:\/\/drive.google.com\/file\/d\/1LJ9TqYIHt9wJaklEw0HXx5WSIu5jd_s0\/view?usp=drive_link\">Plus d&rsquo;infos ici<\/a><\/td><\/tr><\/tbody><\/table><\/figure>\n<\/div>\n<\/div>\n\n\n\n<p class=\"wp-block-paragraph\"><\/p>\n","protected":false},"excerpt":{"rendered":"<p>D\u00e9partement du CHER (18) NC D\u00e9partement d\u2019EURE-ET-LOIR (28) => Samedi 3 octobre \u00e0 partir de 9h00 : Marche pour Octobre Rose, au d\u00e9part de la maison des associations de B\u00e9ville-Le-Comte.=> [&hellip;]<\/p>\n","protected":false},"author":3,"featured_media":4936,"comment_status":"closed","ping_status":"closed","sticky":false,"template":"","format":"standard","meta":{"_acf_changed":false,"inline_featured_image":false,"footnotes":""},"categories":[1],"tags":[41,53,43,51,57,37,55],"class_list":["post-4935","post","type-post","status-publish","format-standard","has-post-thumbnail","hentry","category-non-classe","tag-crcdc-centre-val-de-loire","tag-depistage","tag-depistage-cancer-du-col-de-luterus","tag-depistage-organise","tag-grand-public","tag-octobre-rose","tag-prevention"],"acf":[],"yoast_head":"<!-- This site is optimized with the Yoast SEO plugin v28.4 - https:\/\/yoast.com\/product\/yoast-seo-wordpress\/ -->\n<title>Octobre rose 2026 : la mobilisation r\u00e9gionale en partenariat avec le CRCDC-CVL - Centre de coordination Centre Val de Loire - D\u00e9pistage des cancers<\/title>\n<meta name=\"robots\" content=\"index, follow, max-snippet:-1, max-image-preview:large, max-video-preview:-1\" \/>\n<link rel=\"canonical\" href=\"https:\/\/www.depistage-cancer.fr\/centre\/2026\/09\/04\/octobre-rose-2026-la-mobilisation-regionale-en-partenariat-avec-le-crcdc-cvl\/\" \/>\n<meta property=\"og:locale\" content=\"fr_FR\" \/>\n<meta property=\"og:type\" content=\"article\" \/>\n<meta property=\"og:title\" content=\"Octobre rose 2026 : la mobilisation r\u00e9gionale en partenariat avec le CRCDC-CVL - Centre de coordination Centre Val de Loire - D\u00e9pistage des cancers\" \/>\n<meta property=\"og:description\" content=\"D\u00e9partement du CHER (18) NC D\u00e9partement d\u2019EURE-ET-LOIR (28) =&gt; Samedi 3 octobre \u00e0 partir de 9h00 : Marche pour Octobre Rose, au d\u00e9part de la maison des associations de B\u00e9ville-Le-Comte.=&gt; [&hellip;]\" \/>\n<meta property=\"og:url\" content=\"https:\/\/www.depistage-cancer.fr\/centre\/2026\/09\/04\/octobre-rose-2026-la-mobilisation-regionale-en-partenariat-avec-le-crcdc-cvl\/\" \/>\n<meta property=\"og:site_name\" content=\"Centre de coordination Centre Val de Loire - D\u00e9pistage des cancers\" \/>\n<meta property=\"article:publisher\" content=\"https:\/\/www.facebook.com\/Depistagedescancers.CVL\" \/>\n<meta property=\"article:published_time\" content=\"2026-09-04T09:06:12+00:00\" \/>\n<meta property=\"article:modified_time\" content=\"2026-09-04T10:20:04+00:00\" \/>\n<meta property=\"og:image\" content=\"https:\/\/www.depistage-cancer.fr\/centre\/wp-content\/uploads\/2026\/09\/RDV-OR-2026-SITE-INTERNET.png\" \/>\n\t<meta property=\"og:image:width\" content=\"620\" \/>\n\t<meta property=\"og:image:height\" content=\"360\" \/>\n\t<meta property=\"og:image:type\" content=\"image\/png\" \/>\n<meta name=\"author\" content=\"Karine VAILLANT\" \/>\n<meta name=\"twitter:card\" content=\"summary_large_image\" \/>\n<meta name=\"twitter:label1\" content=\"\u00c9crit par\" \/>\n\t<meta name=\"twitter:data1\" content=\"Karine VAILLANT\" \/>\n\t<meta name=\"twitter:label2\" content=\"Dur\u00e9e de lecture estim\u00e9e\" \/>\n\t<meta name=\"twitter:data2\" content=\"4 minutes\" \/>\n<script type=\"application\/ld+json\" class=\"yoast-schema-graph\">{\"@context\":\"https:\\\/\\\/schema.org\",\"@graph\":[{\"@type\":\"Article\",\"@id\":\"https:\\\/\\\/www.depistage-cancer.fr\\\/centre\\\/2026\\\/09\\\/04\\\/octobre-rose-2026-la-mobilisation-regionale-en-partenariat-avec-le-crcdc-cvl\\\/#article\",\"isPartOf\":{\"@id\":\"https:\\\/\\\/www.depistage-cancer.fr\\\/centre\\\/2026\\\/09\\\/04\\\/octobre-rose-2026-la-mobilisation-regionale-en-partenariat-avec-le-crcdc-cvl\\\/\"},\"author\":{\"name\":\"Karine VAILLANT\",\"@id\":\"https:\\\/\\\/www.depistage-cancer.fr\\\/centre\\\/#\\\/schema\\\/person\\\/ebcef65b71153405ce83cbfd232dba06\"},\"headline\":\"Octobre rose 2026 : la mobilisation r\u00e9gionale en partenariat avec le CRCDC-CVL\",\"datePublished\":\"2026-09-04T09:06:12+00:00\",\"dateModified\":\"2026-09-04T10:20:04+00:00\",\"mainEntityOfPage\":{\"@id\":\"https:\\\/\\\/www.depistage-cancer.fr\\\/centre\\\/2026\\\/09\\\/04\\\/octobre-rose-2026-la-mobilisation-regionale-en-partenariat-avec-le-crcdc-cvl\\\/\"},\"wordCount\":594,\"publisher\":{\"@id\":\"https:\\\/\\\/www.depistage-cancer.fr\\\/centre\\\/#organization\"},\"image\":{\"@id\":\"https:\\\/\\\/www.depistage-cancer.fr\\\/centre\\\/2026\\\/09\\\/04\\\/octobre-rose-2026-la-mobilisation-regionale-en-partenariat-avec-le-crcdc-cvl\\\/#primaryimage\"},\"thumbnailUrl\":\"https:\\\/\\\/www.depistage-cancer.fr\\\/centre\\\/wp-content\\\/uploads\\\/2026\\\/09\\\/RDV-OR-2026-SITE-INTERNET.png\",\"keywords\":[\"CRCDC Centre Val de Loire\",\"D\u00e9pistage\",\"d\u00e9pistage cancer du col de l'ut\u00e9rus\",\"D\u00e9pistage organis\u00e9\",\"Grand public\",\"octobre rose\",\"Pr\u00e9vention\"],\"inLanguage\":\"fr-FR\"},{\"@type\":\"WebPage\",\"@id\":\"https:\\\/\\\/www.depistage-cancer.fr\\\/centre\\\/2026\\\/09\\\/04\\\/octobre-rose-2026-la-mobilisation-regionale-en-partenariat-avec-le-crcdc-cvl\\\/\",\"url\":\"https:\\\/\\\/www.depistage-cancer.fr\\\/centre\\\/2026\\\/09\\\/04\\\/octobre-rose-2026-la-mobilisation-regionale-en-partenariat-avec-le-crcdc-cvl\\\/\",\"name\":\"Octobre rose 2026 : la mobilisation r\u00e9gionale en partenariat avec le CRCDC-CVL - Centre de coordination Centre Val de Loire - D\u00e9pistage des cancers\",\"isPartOf\":{\"@id\":\"https:\\\/\\\/www.depistage-cancer.fr\\\/centre\\\/#website\"},\"primaryImageOfPage\":{\"@id\":\"https:\\\/\\\/www.depistage-cancer.fr\\\/centre\\\/2026\\\/09\\\/04\\\/octobre-rose-2026-la-mobilisation-regionale-en-partenariat-avec-le-crcdc-cvl\\\/#primaryimage\"},\"image\":{\"@id\":\"https:\\\/\\\/www.depistage-cancer.fr\\\/centre\\\/2026\\\/09\\\/04\\\/octobre-rose-2026-la-mobilisation-regionale-en-partenariat-avec-le-crcdc-cvl\\\/#primaryimage\"},\"thumbnailUrl\":\"https:\\\/\\\/www.depistage-cancer.fr\\\/centre\\\/wp-content\\\/uploads\\\/2026\\\/09\\\/RDV-OR-2026-SITE-INTERNET.png\",\"datePublished\":\"2026-09-04T09:06:12+00:00\",\"dateModified\":\"2026-09-04T10:20:04+00:00\",\"breadcrumb\":{\"@id\":\"https:\\\/\\\/www.depistage-cancer.fr\\\/centre\\\/2026\\\/09\\\/04\\\/octobre-rose-2026-la-mobilisation-regionale-en-partenariat-avec-le-crcdc-cvl\\\/#breadcrumb\"},\"inLanguage\":\"fr-FR\",\"potentialAction\":[{\"@type\":\"ReadAction\",\"target\":[\"https:\\\/\\\/www.depistage-cancer.fr\\\/centre\\\/2026\\\/09\\\/04\\\/octobre-rose-2026-la-mobilisation-regionale-en-partenariat-avec-le-crcdc-cvl\\\/\"]}]},{\"@type\":\"ImageObject\",\"inLanguage\":\"fr-FR\",\"@id\":\"https:\\\/\\\/www.depistage-cancer.fr\\\/centre\\\/2026\\\/09\\\/04\\\/octobre-rose-2026-la-mobilisation-regionale-en-partenariat-avec-le-crcdc-cvl\\\/#primaryimage\",\"url\":\"https:\\\/\\\/www.depistage-cancer.fr\\\/centre\\\/wp-content\\\/uploads\\\/2026\\\/09\\\/RDV-OR-2026-SITE-INTERNET.png\",\"contentUrl\":\"https:\\\/\\\/www.depistage-cancer.fr\\\/centre\\\/wp-content\\\/uploads\\\/2026\\\/09\\\/RDV-OR-2026-SITE-INTERNET.png\",\"width\":620,\"height\":360},{\"@type\":\"BreadcrumbList\",\"@id\":\"https:\\\/\\\/www.depistage-cancer.fr\\\/centre\\\/2026\\\/09\\\/04\\\/octobre-rose-2026-la-mobilisation-regionale-en-partenariat-avec-le-crcdc-cvl\\\/#breadcrumb\",\"itemListElement\":[{\"@type\":\"ListItem\",\"position\":1,\"name\":\"Accueil\",\"item\":\"https:\\\/\\\/www.depistage-cancer.fr\\\/centre\\\/\"},{\"@type\":\"ListItem\",\"position\":2,\"name\":\"Octobre rose 2026 : la mobilisation r\u00e9gionale en partenariat avec le CRCDC-CVL\"}]},{\"@type\":\"WebSite\",\"@id\":\"https:\\\/\\\/www.depistage-cancer.fr\\\/centre\\\/#website\",\"url\":\"https:\\\/\\\/www.depistage-cancer.fr\\\/centre\\\/\",\"name\":\"Centre de coordination Centre Val de Loire - D\u00e9pistage des cancers\",\"description\":\"D\u00e9pister, c&#039;est prot\u00e9ger !\",\"publisher\":{\"@id\":\"https:\\\/\\\/www.depistage-cancer.fr\\\/centre\\\/#organization\"},\"alternateName\":\"CRCDC Centre Val de Loire\",\"potentialAction\":[{\"@type\":\"SearchAction\",\"target\":{\"@type\":\"EntryPoint\",\"urlTemplate\":\"https:\\\/\\\/www.depistage-cancer.fr\\\/centre\\\/?s={search_term_string}\"},\"query-input\":{\"@type\":\"PropertyValueSpecification\",\"valueRequired\":true,\"valueName\":\"search_term_string\"}}],\"inLanguage\":\"fr-FR\"},{\"@type\":\"Organization\",\"@id\":\"https:\\\/\\\/www.depistage-cancer.fr\\\/centre\\\/#organization\",\"name\":\"Centre de coordination Centre Val de Loire - D\u00e9pistage des cancers\",\"alternateName\":\"CRCDC Centre Val de Loire\",\"url\":\"https:\\\/\\\/www.depistage-cancer.fr\\\/centre\\\/\",\"logo\":{\"@type\":\"ImageObject\",\"inLanguage\":\"fr-FR\",\"@id\":\"https:\\\/\\\/www.depistage-cancer.fr\\\/centre\\\/#\\\/schema\\\/logo\\\/image\\\/\",\"url\":\"https:\\\/\\\/www.depistage-cancer.fr\\\/centre\\\/wp-content\\\/uploads\\\/2024\\\/02\\\/logo-crcdc-cvl.webp\",\"contentUrl\":\"https:\\\/\\\/www.depistage-cancer.fr\\\/centre\\\/wp-content\\\/uploads\\\/2024\\\/02\\\/logo-crcdc-cvl.webp\",\"width\":491,\"height\":238,\"caption\":\"Centre de coordination Centre Val de Loire - D\u00e9pistage des cancers\"},\"image\":{\"@id\":\"https:\\\/\\\/www.depistage-cancer.fr\\\/centre\\\/#\\\/schema\\\/logo\\\/image\\\/\"},\"sameAs\":[\"https:\\\/\\\/www.facebook.com\\\/Depistagedescancers.CVL\",\"https:\\\/\\\/www.youtube.com\\\/@crcdccentre-valdeloire8386\"]},{\"@type\":\"Person\",\"@id\":\"https:\\\/\\\/www.depistage-cancer.fr\\\/centre\\\/#\\\/schema\\\/person\\\/ebcef65b71153405ce83cbfd232dba06\",\"name\":\"Karine VAILLANT\",\"image\":{\"@type\":\"ImageObject\",\"inLanguage\":\"fr-FR\",\"@id\":\"https:\\\/\\\/secure.gravatar.com\\\/avatar\\\/cab6e614a498aa04122a01df57b74090b52f2bbe5e62a49d1123fe16b3ac776c?s=96&d=mm&r=g\",\"url\":\"https:\\\/\\\/secure.gravatar.com\\\/avatar\\\/cab6e614a498aa04122a01df57b74090b52f2bbe5e62a49d1123fe16b3ac776c?s=96&d=mm&r=g\",\"contentUrl\":\"https:\\\/\\\/secure.gravatar.com\\\/avatar\\\/cab6e614a498aa04122a01df57b74090b52f2bbe5e62a49d1123fe16b3ac776c?s=96&d=mm&r=g\",\"caption\":\"Karine VAILLANT\"},\"url\":\"https:\\\/\\\/www.depistage-cancer.fr\\\/centre\\\/author\\\/k-vaillant\\\/\"}]}<\/script>\n<!-- \/ Yoast SEO plugin. -->","yoast_head_json":{"title":"Octobre rose 2026 : la mobilisation r\u00e9gionale en partenariat avec le CRCDC-CVL - Centre de coordination Centre Val de Loire - D\u00e9pistage des cancers","robots":{"index":"index","follow":"follow","max-snippet":"max-snippet:-1","max-image-preview":"max-image-preview:large","max-video-preview":"max-video-preview:-1"},"canonical":"https:\/\/www.depistage-cancer.fr\/centre\/2026\/09\/04\/octobre-rose-2026-la-mobilisation-regionale-en-partenariat-avec-le-crcdc-cvl\/","og_locale":"fr_FR","og_type":"article","og_title":"Octobre rose 2026 : la mobilisation r\u00e9gionale en partenariat avec le CRCDC-CVL - Centre de coordination Centre Val de Loire - D\u00e9pistage des cancers","og_description":"D\u00e9partement du CHER (18) NC D\u00e9partement d\u2019EURE-ET-LOIR (28) => Samedi 3 octobre \u00e0 partir de 9h00 : Marche pour Octobre Rose, au d\u00e9part de la maison des associations de B\u00e9ville-Le-Comte.=> [&hellip;]","og_url":"https:\/\/www.depistage-cancer.fr\/centre\/2026\/09\/04\/octobre-rose-2026-la-mobilisation-regionale-en-partenariat-avec-le-crcdc-cvl\/","og_site_name":"Centre de coordination Centre Val de Loire - D\u00e9pistage des cancers","article_publisher":"https:\/\/www.facebook.com\/Depistagedescancers.CVL","article_published_time":"2026-09-04T09:06:12+00:00","article_modified_time":"2026-09-04T10:20:04+00:00","og_image":[{"width":620,"height":360,"url":"https:\/\/www.depistage-cancer.fr\/centre\/wp-content\/uploads\/2026\/09\/RDV-OR-2026-SITE-INTERNET.png","type":"image\/png"}],"author":"Karine VAILLANT","twitter_card":"summary_large_image","twitter_misc":{"\u00c9crit par":"Karine VAILLANT","Dur\u00e9e de lecture estim\u00e9e":"4 minutes"},"schema":{"@context":"https:\/\/schema.org","@graph":[{"@type":"Article","@id":"https:\/\/www.depistage-cancer.fr\/centre\/2026\/09\/04\/octobre-rose-2026-la-mobilisation-regionale-en-partenariat-avec-le-crcdc-cvl\/#article","isPartOf":{"@id":"https:\/\/www.depistage-cancer.fr\/centre\/2026\/09\/04\/octobre-rose-2026-la-mobilisation-regionale-en-partenariat-avec-le-crcdc-cvl\/"},"author":{"name":"Karine VAILLANT","@id":"https:\/\/www.depistage-cancer.fr\/centre\/#\/schema\/person\/ebcef65b71153405ce83cbfd232dba06"},"headline":"Octobre rose 2026 : la mobilisation r\u00e9gionale en partenariat avec le CRCDC-CVL","datePublished":"2026-09-04T09:06:12+00:00","dateModified":"2026-09-04T10:20:04+00:00","mainEntityOfPage":{"@id":"https:\/\/www.depistage-cancer.fr\/centre\/2026\/09\/04\/octobre-rose-2026-la-mobilisation-regionale-en-partenariat-avec-le-crcdc-cvl\/"},"wordCount":594,"publisher":{"@id":"https:\/\/www.depistage-cancer.fr\/centre\/#organization"},"image":{"@id":"https:\/\/www.depistage-cancer.fr\/centre\/2026\/09\/04\/octobre-rose-2026-la-mobilisation-regionale-en-partenariat-avec-le-crcdc-cvl\/#primaryimage"},"thumbnailUrl":"https:\/\/www.depistage-cancer.fr\/centre\/wp-content\/uploads\/2026\/09\/RDV-OR-2026-SITE-INTERNET.png","keywords":["CRCDC Centre Val de Loire","D\u00e9pistage","d\u00e9pistage cancer du col de l'ut\u00e9rus","D\u00e9pistage organis\u00e9","Grand public","octobre rose","Pr\u00e9vention"],"inLanguage":"fr-FR"},{"@type":"WebPage","@id":"https:\/\/www.depistage-cancer.fr\/centre\/2026\/09\/04\/octobre-rose-2026-la-mobilisation-regionale-en-partenariat-avec-le-crcdc-cvl\/","url":"https:\/\/www.depistage-cancer.fr\/centre\/2026\/09\/04\/octobre-rose-2026-la-mobilisation-regionale-en-partenariat-avec-le-crcdc-cvl\/","name":"Octobre rose 2026 : la mobilisation r\u00e9gionale en partenariat avec le CRCDC-CVL - Centre de coordination Centre Val de Loire - D\u00e9pistage des cancers","isPartOf":{"@id":"https:\/\/www.depistage-cancer.fr\/centre\/#website"},"primaryImageOfPage":{"@id":"https:\/\/www.depistage-cancer.fr\/centre\/2026\/09\/04\/octobre-rose-2026-la-mobilisation-regionale-en-partenariat-avec-le-crcdc-cvl\/#primaryimage"},"image":{"@id":"https:\/\/www.depistage-cancer.fr\/centre\/2026\/09\/04\/octobre-rose-2026-la-mobilisation-regionale-en-partenariat-avec-le-crcdc-cvl\/#primaryimage"},"thumbnailUrl":"https:\/\/www.depistage-cancer.fr\/centre\/wp-content\/uploads\/2026\/09\/RDV-OR-2026-SITE-INTERNET.png","datePublished":"2026-09-04T09:06:12+00:00","dateModified":"2026-09-04T10:20:04+00:00","breadcrumb":{"@id":"https:\/\/www.depistage-cancer.fr\/centre\/2026\/09\/04\/octobre-rose-2026-la-mobilisation-regionale-en-partenariat-avec-le-crcdc-cvl\/#breadcrumb"},"inLanguage":"fr-FR","potentialAction":[{"@type":"ReadAction","target":["https:\/\/www.depistage-cancer.fr\/centre\/2026\/09\/04\/octobre-rose-2026-la-mobilisation-regionale-en-partenariat-avec-le-crcdc-cvl\/"]}]},{"@type":"ImageObject","inLanguage":"fr-FR","@id":"https:\/\/www.depistage-cancer.fr\/centre\/2026\/09\/04\/octobre-rose-2026-la-mobilisation-regionale-en-partenariat-avec-le-crcdc-cvl\/#primaryimage","url":"https:\/\/www.depistage-cancer.fr\/centre\/wp-content\/uploads\/2026\/09\/RDV-OR-2026-SITE-INTERNET.png","contentUrl":"https:\/\/www.depistage-cancer.fr\/centre\/wp-content\/uploads\/2026\/09\/RDV-OR-2026-SITE-INTERNET.png","width":620,"height":360},{"@type":"BreadcrumbList","@id":"https:\/\/www.depistage-cancer.fr\/centre\/2026\/09\/04\/octobre-rose-2026-la-mobilisation-regionale-en-partenariat-avec-le-crcdc-cvl\/#breadcrumb","itemListElement":[{"@type":"ListItem","position":1,"name":"Accueil","item":"https:\/\/www.depistage-cancer.fr\/centre\/"},{"@type":"ListItem","position":2,"name":"Octobre rose 2026 : la mobilisation r\u00e9gionale en partenariat avec le CRCDC-CVL"}]},{"@type":"WebSite","@id":"https:\/\/www.depistage-cancer.fr\/centre\/#website","url":"https:\/\/www.depistage-cancer.fr\/centre\/","name":"Centre de coordination Centre Val de Loire - D\u00e9pistage des cancers","description":"D\u00e9pister, c&#039;est prot\u00e9ger !","publisher":{"@id":"https:\/\/www.depistage-cancer.fr\/centre\/#organization"},"alternateName":"CRCDC Centre Val de Loire","potentialAction":[{"@type":"SearchAction","target":{"@type":"EntryPoint","urlTemplate":"https:\/\/www.depistage-cancer.fr\/centre\/?s={search_term_string}"},"query-input":{"@type":"PropertyValueSpecification","valueRequired":true,"valueName":"search_term_string"}}],"inLanguage":"fr-FR"},{"@type":"Organization","@id":"https:\/\/www.depistage-cancer.fr\/centre\/#organization","name":"Centre de coordination Centre Val de Loire - D\u00e9pistage des cancers","alternateName":"CRCDC Centre Val de Loire","url":"https:\/\/www.depistage-cancer.fr\/centre\/","logo":{"@type":"ImageObject","inLanguage":"fr-FR","@id":"https:\/\/www.depistage-cancer.fr\/centre\/#\/schema\/logo\/image\/","url":"https:\/\/www.depistage-cancer.fr\/centre\/wp-content\/uploads\/2024\/02\/logo-crcdc-cvl.webp","contentUrl":"https:\/\/www.depistage-cancer.fr\/centre\/wp-content\/uploads\/2024\/02\/logo-crcdc-cvl.webp","width":491,"height":238,"caption":"Centre de coordination Centre Val de Loire - D\u00e9pistage des cancers"},"image":{"@id":"https:\/\/www.depistage-cancer.fr\/centre\/#\/schema\/logo\/image\/"},"sameAs":["https:\/\/www.facebook.com\/Depistagedescancers.CVL","https:\/\/www.youtube.com\/@crcdccentre-valdeloire8386"]},{"@type":"Person","@id":"https:\/\/www.depistage-cancer.fr\/centre\/#\/schema\/person\/ebcef65b71153405ce83cbfd232dba06","name":"Karine VAILLANT","image":{"@type":"ImageObject","inLanguage":"fr-FR","@id":"https:\/\/secure.gravatar.com\/avatar\/cab6e614a498aa04122a01df57b74090b52f2bbe5e62a49d1123fe16b3ac776c?s=96&d=mm&r=g","url":"https:\/\/secure.gravatar.com\/avatar\/cab6e614a498aa04122a01df57b74090b52f2bbe5e62a49d1123fe16b3ac776c?s=96&d=mm&r=g","contentUrl":"https:\/\/secure.gravatar.com\/avatar\/cab6e614a498aa04122a01df57b74090b52f2bbe5e62a49d1123fe16b3ac776c?s=96&d=mm&r=g","caption":"Karine VAILLANT"},"url":"https:\/\/www.depistage-cancer.fr\/centre\/author\/k-vaillant\/"}]}},"_links":{"self":[{"href":"https:\/\/www.depistage-cancer.fr\/centre\/wp-json\/wp\/v2\/posts\/4935","targetHints":{"allow":["GET"]}}],"collection":[{"href":"https:\/\/www.depistage-cancer.fr\/centre\/wp-json\/wp\/v2\/posts"}],"about":[{"href":"https:\/\/www.depistage-cancer.fr\/centre\/wp-json\/wp\/v2\/types\/post"}],"author":[{"embeddable":true,"href":"https:\/\/www.depistage-cancer.fr\/centre\/wp-json\/wp\/v2\/users\/3"}],"replies":[{"embeddable":true,"href":"https:\/\/www.depistage-cancer.fr\/centre\/wp-json\/wp\/v2\/comments?post=4935"}],"version-history":[{"count":4,"href":"https:\/\/www.depistage-cancer.fr\/centre\/wp-json\/wp\/v2\/posts\/4935\/revisions"}],"predecessor-version":[{"id":4944,"href":"https:\/\/www.depistage-cancer.fr\/centre\/wp-json\/wp\/v2\/posts\/4935\/revisions\/4944"}],"wp:featuredmedia":[{"embeddable":true,"href":"https:\/\/www.depistage-cancer.fr\/centre\/wp-json\/wp\/v2\/media\/4936"}],"wp:attachment":[{"href":"https:\/\/www.depistage-cancer.fr\/centre\/wp-json\/wp\/v2\/media?parent=4935"}],"wp:term":[{"taxonomy":"category","embeddable":true,"href":"https:\/\/www.depistage-cancer.fr\/centre\/wp-json\/wp\/v2\/categories?post=4935"},{"taxonomy":"post_tag","embeddable":true,"href":"https:\/\/www.depistage-cancer.fr\/centre\/wp-json\/wp\/v2\/tags?post=4935"}],"curies":[{"name":"wp","href":"https:\/\/api.w.org\/{rel}","templated":true}]}}